{"id":99,"date":"2009-05-21T13:25:03","date_gmt":"2009-05-21T13:25:03","guid":{"rendered":"http:\/\/sinservregional.com.br\/site\/?p=99"},"modified":"2009-05-21T13:25:03","modified_gmt":"2009-05-21T13:25:03","slug":"a-pantera-do-sudoeste","status":"publish","type":"post","link":"https:\/\/sinservregional.com.br\/site\/?p=99","title":{"rendered":"A Pantera do Sudoeste"},"content":{"rendered":"<p style=\"text-align: justify\">&nbsp;<\/p>\n<p style=\"text-align: justify\">&nbsp;<\/p>\n<div style=\"text-align: center\"><img loading=\"lazy\" decoding=\"async\" class=\" size-full wp-image-98\" src=\"https:\/\/sinservregional.com.br\/site\/wp-content\/uploads\/2009\/05\/acej.jpg\" border=\"0\" width=\"209\" height=\"255\" \/><\/div>\n<p>&nbsp;<\/p>\n<p style=\"text-align: justify\">&nbsp;<\/p>\n<p style=\"text-align: justify\"><span style=\"font-size: 10pt; font-family: 'Verdana','sans-serif'\"><font color=\"#000000\">A <strong><span style=\"font-family: 'Verdana','sans-serif'\">Ass<\/span><\/strong><\/font><\/span><span style=\"font-size: 10pt; font-family: 'Verdana','sans-serif'\"><font color=\"#000000\"><strong><span style=\"font-family: 'Verdana','sans-serif'\">ocia\u00e7\u00e3o Cultural e Esportiva\u00a0 Jequi\u00e9 &#8211; A Pantera do Sudoeste, <\/span><\/strong>tem estr\u00e9ia marcada para o dia 28 de maio, com o seu time de base, no campeonato amador da Liga Desportiva de Jequi\u00e9-LDJ, no Est\u00e1dio Waldomiro Borges. O rubro negro jequieense, apresentar\u00e1 nesta partida o seu uniforme n\u00ba 01 e\u00a0 o comando t\u00e9cnico da equipe estar\u00e1 a cargo do treinador Bilau. Enquanto disputa o campeonato amador, exig\u00eancia da Federa\u00e7\u00e3o Baiana de Futebol, j\u00e1 est\u00e1 sendo finalizado o projeto de capta\u00e7\u00e3o de recursos a ser apresentado dentro dos pr\u00f3ximo dias aos torcedores e \u00e0 comunidade local.\u00a0 Os torcedores poder\u00e3o em breve acompanhar todas as not\u00edcias do time no <strong><em><span style=\"font-family: 'Verdana','sans-serif'\">site<\/span><\/em><\/strong> que se encontra em fase de constru\u00e7\u00e3o. Ser\u00e3o disponibilizadas para os torcedores camisetas promocionais e adesivos do Jequi\u00e9, cujo resultado da venda ser\u00e1 destinado a cobertura da fase\u00a0 inicial de registro e estrutura\u00e7\u00e3o do novo clube de futebol da cidade.<\/font><\/span><\/p>\n<p><span style=\"font-size: 10pt; font-family: 'Verdana','sans-serif'\"><font color=\"#000000\"><span style=\"font-size: 10pt; line-height: 115%; font-family: 'Verdana','sans-serif'\">Mat\u00e9ria extra\u00edda do site de Wilson Novaes <\/span><\/font><\/span><\/p>\n","protected":false},"excerpt":{"rendered":"<p>&nbsp; &nbsp; &nbsp; &nbsp; A Associa\u00e7\u00e3o Cultural e Esportiva\u00a0 Jequi\u00e9 &#8211; A Pantera do Sudoeste, tem estr\u00e9ia marcada para o dia 28 de maio, com o seu time de base, no campeonato amador da Liga Desportiva de Jequi\u00e9-LDJ, no Est\u00e1dio Waldomiro Borges. O rubro negro jequieense, apresentar\u00e1 nesta partida o seu uniforme n\u00ba 01 e\u00a0 &hellip; <\/p>\n","protected":false},"author":1,"featured_media":98,"comment_status":"open","ping_status":"open","sticky":false,"template":"","format":"standard","meta":{"footnotes":""},"categories":[15],"tags":[],"class_list":["post-99","post","type-post","status-publish","format-standard","has-post-thumbnail","hentry","category-c34-gerais"],"_links":{"self":[{"href":"https:\/\/sinservregional.com.br\/site\/index.php?rest_route=\/wp\/v2\/posts\/99","targetHints":{"allow":["GET"]}}],"collection":[{"href":"https:\/\/sinservregional.com.br\/site\/index.php?rest_route=\/wp\/v2\/posts"}],"about":[{"href":"https:\/\/sinservregional.com.br\/site\/index.php?rest_route=\/wp\/v2\/types\/post"}],"author":[{"embeddable":true,"href":"https:\/\/sinservregional.com.br\/site\/index.php?rest_route=\/wp\/v2\/users\/1"}],"replies":[{"embeddable":true,"href":"https:\/\/sinservregional.com.br\/site\/index.php?rest_route=%2Fwp%2Fv2%2Fcomments&post=99"}],"version-history":[{"count":0,"href":"https:\/\/sinservregional.com.br\/site\/index.php?rest_route=\/wp\/v2\/posts\/99\/revisions"}],"wp:featuredmedia":[{"embeddable":true,"href":"https:\/\/sinservregional.com.br\/site\/index.php?rest_route=\/wp\/v2\/media\/98"}],"wp:attachment":[{"href":"https:\/\/sinservregional.com.br\/site\/index.php?rest_route=%2Fwp%2Fv2%2Fmedia&parent=99"}],"wp:term":[{"taxonomy":"category","embeddable":true,"href":"https:\/\/sinservregional.com.br\/site\/index.php?rest_route=%2Fwp%2Fv2%2Fcategories&post=99"},{"taxonomy":"post_tag","embeddable":true,"href":"https:\/\/sinservregional.com.br\/site\/index.php?rest_route=%2Fwp%2Fv2%2Ftags&post=99"}],"curies":[{"name":"wp","href":"https:\/\/api.w.org\/{rel}","templated":true}]}}