{"id":9481,"date":"2021-02-09T23:11:58","date_gmt":"2021-02-09T23:11:58","guid":{"rendered":"http:\/\/sinservregional.com.br\/site\/?p=9481"},"modified":"2021-02-09T23:20:04","modified_gmt":"2021-02-09T23:20:04","slug":"restringir-recursos-a-saude-e-crime-economistas-deveriam-defender-sus-diz-massuda","status":"publish","type":"post","link":"https:\/\/sinservregional.com.br\/site\/?p=9481","title":{"rendered":"Restringir recursos \u00e0 sa\u00fade \u2018\u00e9 crime\u2019; economistas deveriam defender SUS, diz Massuda"},"content":{"rendered":"\n<p><span class=\"has-inline-color has-black-color\">O m\u00e9dico sanitarista Adriano Massuda \u00e9 contundente ao defender mais recursos para o Sistema \u00danico de Sa\u00fade (SUS), que, segundo ele, \u00e9 historicamente subfinanciado. &#8220;Restringir ainda mais recursos para diminuir o tamanho do SUS, no Brasil, \u00e9 um crime. A gente tem que colocar as palavras como elas s\u00e3o. \u00c9 crime porque vai causar mais mortes preven\u00edveis e evit\u00e1veis. N\u00e3o d\u00e1 para pactuar com isso no s\u00e9culo 21, em 2021&#8221;, disse na Live do Valor desta quarta-feira.<\/span><\/p>\n\n\n\n<div class=\"wp-block-image\"><figure class=\"alignleft size-large is-resized\"><img loading=\"lazy\" decoding=\"async\" src=\"https:\/\/sinservregional.com.br\/site\/wp-content\/uploads\/2021\/02\/live-adriano-20massuda03.jpg\" alt=\"\" class=\"wp-image-9482\" width=\"302\" height=\"169\" srcset=\"https:\/\/sinservregional.com.br\/site\/wp-content\/uploads\/2021\/02\/live-adriano-20massuda03.jpg 984w, https:\/\/sinservregional.com.br\/site\/wp-content\/uploads\/2021\/02\/live-adriano-20massuda03-300x168.jpg 300w, https:\/\/sinservregional.com.br\/site\/wp-content\/uploads\/2021\/02\/live-adriano-20massuda03-768x431.jpg 768w\" sizes=\"auto, (max-width: 302px) 100vw, 302px\" \/><\/figure><\/div>\n\n\n\n<p><span class=\"has-inline-color has-black-color\">&#8220;A gente n\u00e3o pode retroceder, temos que avan\u00e7ar, e avan\u00e7ar \u00e9 colocar mais recursos para o sistema&#8221;, disse o professor e pesquisador do Centro de Estudos em Planejamento e Gest\u00e3o de Sa\u00fade da FGV-EAESP.<\/span><\/p>\n\n\n\n<p><span class=\"has-inline-color has-black-color\">Mesmo com os problemas grav\u00edssimos gerados pela pandemia, por outro lado, ela tem revelado a import\u00e2ncia e &#8220;colocado luz em coisas que o Brasil tem&#8221;, disse Massuda, citando o pr\u00f3prio SUS e o Plano Nacional de Imuniza\u00e7\u00f5es (PNI). A situa\u00e7\u00e3o do Brasil, cuja resposta \u00e0 pandemia est\u00e1 &#8220;muito distante da nossa capacidade&#8221;, segundo o m\u00e9dico, s\u00f3 n\u00e3o est\u00e1 pior exatamente porque o pa\u00eds tem a heran\u00e7a do SUS. Se a falta de coordena\u00e7\u00e3o do governo federal e do Minist\u00e9rio da Sa\u00fade afetou a resposta do pa\u00eds \u00e0 crise, o fato de o sistema de sa\u00fade ser descentralizado tamb\u00e9m tornou poss\u00edvel que alguns Estados e munic\u00edpios e seus profissionais de sa\u00fade promovessem a\u00e7\u00f5es importantes, avaliou.<\/span><\/p>\n\n\n\n<p><span class=\"has-inline-color has-black-color\">Mas a pandemia tamb\u00e9m refor\u00e7ou que s\u00f3 colocar mais recursos n\u00e3o basta se n\u00e3o houver gest\u00e3o competente. &#8220;Se tiver gest\u00e3o n\u00e3o comprometida com a coisa p\u00fablica, o recurso \u00e9 desperdi\u00e7ado&#8221;, disse. A quest\u00e3o, para ele, \u00e9 que \u00e9 preciso resolver os dois gargalos, porque, sem recursos, tamb\u00e9m fica dif\u00edcil resolver o problema de gest\u00e3o. &#8220;Aumentar s\u00f3 gest\u00e3o com mesmos recursos \u00e9 papo furado, n\u00e3o tem evid\u00eancia no mundo de que isso funcione&#8221;, afirmou.<\/span><\/p>\n\n\n\n<p><span class=\"has-inline-color has-black-color\">Segundo ele, \u00e9 preciso fortalecer o SUS e a aten\u00e7\u00e3o b\u00e1sica. Esta \u00faltima cobre 75% da popula\u00e7\u00e3o brasileira e \u00e9 atrav\u00e9s dela que os governos conseguem trabalhar medidas preventivas. &#8220;Ali, precisa ter investimento de recursos para pagar os profissionais de sa\u00fade&#8221;, afirmou Massuda. Ele acrescentou que \u00e9 preciso fortalecer o sistema de vigil\u00e2ncia em sa\u00fade e reformar a \u00e1rea hospitalar. &#8220;A capacidade de gest\u00e3o hospitalar e integra\u00e7\u00e3o da rede com as demais partes do sistema de sa\u00fade ainda \u00e9 muito prec\u00e1ria&#8221;, afirmou.<\/span><\/p>\n\n\n\n<p><span class=\"has-inline-color has-black-color\">O aporte de recursos \u00e0 sa\u00fade em 2020 foi importante, &#8220;mas para esse segundo ano [da pandemia], os recursos n\u00e3o est\u00e3o garantidos&#8221;, alertou. &#8220;Pode at\u00e9 ter a estrutura, mas, se n\u00e3o tiver financiamento, vai faltar gasolina para o sistema operar.&#8221;<\/span><\/p>\n\n\n\n<p><span class=\"has-inline-color has-black-color\">Citando artigos cient\u00edficos, o m\u00e9dico sanitarista disse que pa\u00edses que adotaram medidas de austeridade fiscal que impactaram seus sistemas de sa\u00fade antes da pandemia tiveram mais dificuldade para ter um retorno \u00e0s atividades econ\u00f4micas, &#8220;porque uma popula\u00e7\u00e3o adoecida \u00e9 uma popula\u00e7\u00e3o que n\u00e3o trabalha e n\u00e3o consome\u201d.<\/span><\/p>\n\n\n\n<p><span class=\"has-inline-color has-black-color\">&#8220;Sistema de sa\u00fade \u00e9 uma quest\u00e3o de cidadania, mas \u00e9 uma quest\u00e3o econ\u00f4mica tamb\u00e9m. Pa\u00edses ricos, \u00e0 exce\u00e7\u00e3o dos Estados Unidos, t\u00eam sistemas p\u00fablicos, porque ter uma popula\u00e7\u00e3o saud\u00e1vel \u00e9 fundamental para a economia.&#8221;<\/span><\/p>\n\n\n\n<p><span class=\"has-inline-color has-black-color\">Ele observou que mesmo economistas que antes defendiam medidas mais duras de ajuste fiscal no Brasil est\u00e3o revendo suas opini\u00f5es em rela\u00e7\u00e3o aos recursos para a sa\u00fade. &#8220;N\u00e3o d\u00e1 s\u00f3 para sanitaristas defenderem o SUS. A defesa do SUS tem que ser da sociedade brasileira e dos economistas brasileiros que querem ter o retorno das atividades econ\u00f4micas&#8221;, disse ele, acrescentando que a defesa do SUS tamb\u00e9m passa pela defesa de investimentos em ci\u00eancia e tecnologia.<\/span><\/p>\n\n\n\n<figure class=\"wp-block-embed-youtube wp-block-embed is-type-video is-provider-youtube wp-embed-aspect-16-9 wp-has-aspect-ratio\"><div class=\"wp-block-embed__wrapper\">\n<iframe loading=\"lazy\" title=\"A resposta brasileira e os desafios no segundo ano de pandemia\" width=\"1020\" height=\"574\" src=\"https:\/\/www.youtube.com\/embed\/lvfuSUEANs4?feature=oembed\" frameborder=\"0\" allow=\"accelerometer; autoplay; clipboard-write; encrypted-media; gyroscope; picture-in-picture; web-share\" allowfullscreen><\/iframe>\n<\/div><\/figure>\n\n\n\n<p><\/p>\n","protected":false},"excerpt":{"rendered":"<p>O m\u00e9dico sanitarista Adriano Massuda \u00e9 contundente ao defender mais recursos para o Sistema \u00danico de Sa\u00fade (SUS), que, segundo ele, \u00e9 historicamente subfinanciado. &#8220;Restringir ainda mais recursos para diminuir o tamanho do SUS, no Brasil, \u00e9 um crime. A gente tem que colocar as palavras como elas s\u00e3o. \u00c9 crime porque vai causar mais &hellip; <\/p>\n","protected":false},"author":1,"featured_media":9484,"comment_status":"open","ping_status":"open","sticky":false,"template":"","format":"standard","meta":{"footnotes":""},"categories":[22,15],"tags":[],"class_list":["post-9481","post","type-post","status-publish","format-standard","has-post-thumbnail","hentry","category-destaques","category-c34-gerais"],"_links":{"self":[{"href":"https:\/\/sinservregional.com.br\/site\/index.php?rest_route=\/wp\/v2\/posts\/9481","targetHints":{"allow":["GET"]}}],"collection":[{"href":"https:\/\/sinservregional.com.br\/site\/index.php?rest_route=\/wp\/v2\/posts"}],"about":[{"href":"https:\/\/sinservregional.com.br\/site\/index.php?rest_route=\/wp\/v2\/types\/post"}],"author":[{"embeddable":true,"href":"https:\/\/sinservregional.com.br\/site\/index.php?rest_route=\/wp\/v2\/users\/1"}],"replies":[{"embeddable":true,"href":"https:\/\/sinservregional.com.br\/site\/index.php?rest_route=%2Fwp%2Fv2%2Fcomments&post=9481"}],"version-history":[{"count":2,"href":"https:\/\/sinservregional.com.br\/site\/index.php?rest_route=\/wp\/v2\/posts\/9481\/revisions"}],"predecessor-version":[{"id":9486,"href":"https:\/\/sinservregional.com.br\/site\/index.php?rest_route=\/wp\/v2\/posts\/9481\/revisions\/9486"}],"wp:featuredmedia":[{"embeddable":true,"href":"https:\/\/sinservregional.com.br\/site\/index.php?rest_route=\/wp\/v2\/media\/9484"}],"wp:attachment":[{"href":"https:\/\/sinservregional.com.br\/site\/index.php?rest_route=%2Fwp%2Fv2%2Fmedia&parent=9481"}],"wp:term":[{"taxonomy":"category","embeddable":true,"href":"https:\/\/sinservregional.com.br\/site\/index.php?rest_route=%2Fwp%2Fv2%2Fcategories&post=9481"},{"taxonomy":"post_tag","embeddable":true,"href":"https:\/\/sinservregional.com.br\/site\/index.php?rest_route=%2Fwp%2Fv2%2Ftags&post=9481"}],"curies":[{"name":"wp","href":"https:\/\/api.w.org\/{rel}","templated":true}]}}