{"id":9227,"date":"2020-05-24T03:24:06","date_gmt":"2020-05-24T03:24:06","guid":{"rendered":"http:\/\/sinservregional.com.br\/site\/?p=9227"},"modified":"2020-05-24T03:24:08","modified_gmt":"2020-05-24T03:24:08","slug":"sinserv-garante-direitos-dos-servidores-que-irao-trabalhar-nos-feriados-antecipados","status":"publish","type":"post","link":"https:\/\/sinservregional.com.br\/site\/?p=9227","title":{"rendered":"SINSERV garante direitos dos servidores que ir\u00e3o trabalhar nos feriados antecipados"},"content":{"rendered":"\n<figure class=\"wp-block-image size-large is-resized\"><img loading=\"lazy\" decoding=\"async\" src=\"https:\/\/sinservregional.com.br\/site\/wp-content\/uploads\/2020\/05\/feriado-maio-2.jpg\" alt=\"\" class=\"wp-image-9228\" width=\"470\" height=\"458\" srcset=\"https:\/\/sinservregional.com.br\/site\/wp-content\/uploads\/2020\/05\/feriado-maio-2.jpg 737w, https:\/\/sinservregional.com.br\/site\/wp-content\/uploads\/2020\/05\/feriado-maio-2-300x293.jpg 300w, https:\/\/sinservregional.com.br\/site\/wp-content\/uploads\/2020\/05\/feriado-maio-2-60x57.jpg 60w\" sizes=\"auto, (max-width: 470px) 100vw, 470px\" \/><\/figure>\n\n\n\n<p>Nesta sexta-feira (21\/05), os servidores p\u00fablicos foram surpreendidos com a decis\u00e3o do Prefeito de Jequi\u00e9 em tornar os dias 27, 28 e 29 de maio, feriado. A not\u00edcia foi publicada ap\u00f3s o governador Rui Costa decidir em antecipar o feriado regional de 24 de junho, dia de S\u00e3o Jo\u00e3o e o feriado de Dois de Julho, Dia da Independ\u00eancia da Bahia, para os dias 25 e 26 de maio de 2020. <\/p>\n\n\n\n<p>Em uma r\u00e1dio da cidade, Sergio da Gameleira afirmou que os servidores lotados nos servi\u00e7os essenciais v\u00e3o trabalhar normalmente e ser\u00e3o remanejados servidores de outras \u00e1reas, para compor as equipes de trabalho voltadas para o combate ao novo Coronav\u00edrus \u2013 COVID -19. <\/p>\n\n\n\n<p>Sem receber seus sal\u00e1rios, a not\u00edcia gerou angustia e incerteza \u00e0 categoria! <\/p>\n\n\n\n<p>N\u00e3o h\u00e1 informa\u00e7\u00e3o sobre os setores que os servidores ir\u00e3o trabalhar e a garantia da entrega de material de prote\u00e7\u00e3o e treinamento. A not\u00edcia era que nem as horas extras seriam pagas aos servidores que tanto se dedicam ao cuidado com a popula\u00e7\u00e3o. <\/p>\n\n\n\n<p>Ao tomar conhecimento desse quadro, o Presidente do SINSERV tomou as providencias cab\u00edveis, para garantir o direito dos servidores. Ap\u00f3s reuni\u00e3o online, ocorrida durante o dia de hoje, 23\/05\/2020 entre o Presidente, Ven\u00edcio Lucena, a Diretora Administrativa, Maria Neide Sampaio e a Secret\u00e1ria Municipal de Administra\u00e7\u00e3o, Sibely Ribeiro, ficou garantido que TODOS OS SERVIDORES QUE TRABALHAREM DURANTE O FERIADO RECEBER\u00c3O AS HORAS EXTRAS LEGAIS. Quanto aos servidores que ser\u00e3o designados para atuarem junto aos servi\u00e7os essenciais, a entidade tomar\u00e1 as medidas, na pr\u00f3xima segunda feira, para que seja garantida a prote\u00e7\u00e3o \u00e0 sa\u00fade e a vida dos servidores. <\/p>\n\n\n\n<p>Com a certeza da garantia do direito dos servidores, o SINSERV orienta a todos e todas que forem convocados para trabalhar durante os dias 25 a 29 de maio, continuarem prestando o melhor servi\u00e7o em prol da sa\u00fade da popula\u00e7\u00e3o. <\/p>\n\n\n\n<p>O SINSERV sente orgulho de toda a categoria, que no momento em que a popula\u00e7\u00e3o pratica o isolamento social, ficando em casa, muitos servidores est\u00e3o trabalhando normalmente para cuidar da popula\u00e7\u00e3o. <\/p>\n\n\n\n<p>Os servidores p\u00fablicos est\u00e3o fazendo a sua parte.<\/p>\n\n\n\n<p>Fa\u00e7a voc\u00ea tamb\u00e9m fique em casa!<\/p>\n\n\n\n<p>SINSERV, SINDICATO DE LUTA!<\/p>\n","protected":false},"excerpt":{"rendered":"<p>Nesta sexta-feira (21\/05), os servidores p\u00fablicos foram surpreendidos com a decis\u00e3o do Prefeito de Jequi\u00e9 em tornar os dias 27, 28 e 29 de maio, feriado. A not\u00edcia foi publicada ap\u00f3s o governador Rui Costa decidir em antecipar o feriado regional de 24 de junho, dia de S\u00e3o Jo\u00e3o e o feriado de Dois de &hellip; <\/p>\n","protected":false},"author":1,"featured_media":9223,"comment_status":"open","ping_status":"open","sticky":false,"template":"","format":"standard","meta":{"footnotes":""},"categories":[22,18,15],"tags":[],"class_list":["post-9227","post","type-post","status-publish","format-standard","has-post-thumbnail","hentry","category-destaques","category-c37-eventos","category-c34-gerais"],"_links":{"self":[{"href":"https:\/\/sinservregional.com.br\/site\/index.php?rest_route=\/wp\/v2\/posts\/9227","targetHints":{"allow":["GET"]}}],"collection":[{"href":"https:\/\/sinservregional.com.br\/site\/index.php?rest_route=\/wp\/v2\/posts"}],"about":[{"href":"https:\/\/sinservregional.com.br\/site\/index.php?rest_route=\/wp\/v2\/types\/post"}],"author":[{"embeddable":true,"href":"https:\/\/sinservregional.com.br\/site\/index.php?rest_route=\/wp\/v2\/users\/1"}],"replies":[{"embeddable":true,"href":"https:\/\/sinservregional.com.br\/site\/index.php?rest_route=%2Fwp%2Fv2%2Fcomments&post=9227"}],"version-history":[{"count":1,"href":"https:\/\/sinservregional.com.br\/site\/index.php?rest_route=\/wp\/v2\/posts\/9227\/revisions"}],"predecessor-version":[{"id":9229,"href":"https:\/\/sinservregional.com.br\/site\/index.php?rest_route=\/wp\/v2\/posts\/9227\/revisions\/9229"}],"wp:featuredmedia":[{"embeddable":true,"href":"https:\/\/sinservregional.com.br\/site\/index.php?rest_route=\/wp\/v2\/media\/9223"}],"wp:attachment":[{"href":"https:\/\/sinservregional.com.br\/site\/index.php?rest_route=%2Fwp%2Fv2%2Fmedia&parent=9227"}],"wp:term":[{"taxonomy":"category","embeddable":true,"href":"https:\/\/sinservregional.com.br\/site\/index.php?rest_route=%2Fwp%2Fv2%2Fcategories&post=9227"},{"taxonomy":"post_tag","embeddable":true,"href":"https:\/\/sinservregional.com.br\/site\/index.php?rest_route=%2Fwp%2Fv2%2Ftags&post=9227"}],"curies":[{"name":"wp","href":"https:\/\/api.w.org\/{rel}","templated":true}]}}