{"id":9215,"date":"2020-05-22T21:19:21","date_gmt":"2020-05-22T21:19:21","guid":{"rendered":"http:\/\/sinservregional.com.br\/site\/?p=9215"},"modified":"2020-05-22T21:19:23","modified_gmt":"2020-05-22T21:19:23","slug":"sindicatos-e-servidores-fazem-protesto-em-frente-a-prefeitura-de-jequie","status":"publish","type":"post","link":"https:\/\/sinservregional.com.br\/site\/?p=9215","title":{"rendered":"Sindicatos e servidores fazem protesto em frente a prefeitura de Jequi\u00e9"},"content":{"rendered":"\n<figure class=\"wp-block-image size-large\"><img loading=\"lazy\" decoding=\"async\" width=\"934\" height=\"489\" src=\"https:\/\/sinservregional.com.br\/site\/wp-content\/uploads\/2020\/05\/protesto-prefitura-1.jpg\" alt=\"\" class=\"wp-image-9216\" srcset=\"https:\/\/sinservregional.com.br\/site\/wp-content\/uploads\/2020\/05\/protesto-prefitura-1.jpg 934w, https:\/\/sinservregional.com.br\/site\/wp-content\/uploads\/2020\/05\/protesto-prefitura-1-300x157.jpg 300w, https:\/\/sinservregional.com.br\/site\/wp-content\/uploads\/2020\/05\/protesto-prefitura-1-768x402.jpg 768w\" sizes=\"auto, (max-width: 934px) 100vw, 934px\" \/><\/figure>\n\n\n\n<p>Em ato realizado na manh\u00e3 desta sexta-feira, 22 de maio de 2020, em frente a prefeitura municipal de Jequi\u00e9, dirigentes sindicais do SINSERV e do SIND-ACS ao lado dos servidores p\u00fablicos municipais protestaram contra a prefeitura de Jequi\u00e9, quando em momento algum, desde o in\u00edcio da pandemia, se sensibilizou com a sa\u00fade dos trabalhadores.<br>Os sindicatos se uniram para protestar, pois n\u00e3o conseguem di\u00e1logo com o prefeito para que sejam pagos os sal\u00e1rios na data e esses atrasos se arrastam h\u00e1 meses deixando os servidores inseguros quanto a data de pagamento.<\/p>\n\n\n\n<figure class=\"wp-block-image size-large\"><img loading=\"lazy\" decoding=\"async\" width=\"934\" height=\"489\" src=\"https:\/\/sinservregional.com.br\/site\/wp-content\/uploads\/2020\/05\/protesto-prefeitura-2.jpg\" alt=\"\" class=\"wp-image-9217\" srcset=\"https:\/\/sinservregional.com.br\/site\/wp-content\/uploads\/2020\/05\/protesto-prefeitura-2.jpg 934w, https:\/\/sinservregional.com.br\/site\/wp-content\/uploads\/2020\/05\/protesto-prefeitura-2-300x157.jpg 300w, https:\/\/sinservregional.com.br\/site\/wp-content\/uploads\/2020\/05\/protesto-prefeitura-2-768x402.jpg 768w\" sizes=\"auto, (max-width: 934px) 100vw, 934px\" \/><\/figure>\n\n\n\n<p><br>O presidente do SINSERV, Ven\u00edcio Lucena, falou da indigna\u00e7\u00e3o de todos, quando prestaram servi\u00e7o o m\u00eas de abril inteiro e at\u00e9 o momento n\u00e3o receberam seus sal\u00e1rios. Ele falou que o n\u00famero de servidores infectados \u00e9 grande e recentemente um servidor faleceu acometido da Covid. Falou da preocupa\u00e7\u00e3o do sindicato com a sa\u00fade dos trabalhadores e que chamou a gest\u00e3o pra essa situa\u00e7\u00e3o junto ao Comit\u00ea de Crise alertando para a gravidade e sobre as a\u00e7\u00f5es que deveriam ser feitas. &#8220;N\u00e3o d\u00e1 pra combater pandemia sem sal\u00e1rio, com a dispensa vazia e com as contras atrasadas. Alertamos ao Comit\u00ea de Crise para as a\u00e7\u00f5es. Mas a gest\u00e3o n\u00e3o tem comprido com o trabalhador, se tivesse ser\u00edamos prioridade nesse momento,&#8221; protestou.<\/p>\n\n\n\n<figure class=\"wp-block-image size-large is-resized\"><img loading=\"lazy\" decoding=\"async\" src=\"https:\/\/sinservregional.com.br\/site\/wp-content\/uploads\/2020\/05\/protesto-prefeitura-3.jpg\" alt=\"\" class=\"wp-image-9218\" width=\"254\" height=\"538\" srcset=\"https:\/\/sinservregional.com.br\/site\/wp-content\/uploads\/2020\/05\/protesto-prefeitura-3.jpg 454w, https:\/\/sinservregional.com.br\/site\/wp-content\/uploads\/2020\/05\/protesto-prefeitura-3-142x300.jpg 142w\" sizes=\"auto, (max-width: 254px) 100vw, 254px\" \/><\/figure>\n\n\n\n<p><br>O ato aconteceu em tempo previsto, de forma pac\u00edfica e com falas dos dirigentes sindicais<br>O SINSERV se mant\u00e9m lutando para que os servidores tenham seus direitos assegurados.<\/p>\n\n\n\n<figure class=\"wp-block-image size-large\"><img loading=\"lazy\" decoding=\"async\" width=\"960\" height=\"454\" src=\"https:\/\/sinservregional.com.br\/site\/wp-content\/uploads\/2020\/05\/protesto-prefeitura-4.jpg\" alt=\"\" class=\"wp-image-9219\" srcset=\"https:\/\/sinservregional.com.br\/site\/wp-content\/uploads\/2020\/05\/protesto-prefeitura-4.jpg 960w, https:\/\/sinservregional.com.br\/site\/wp-content\/uploads\/2020\/05\/protesto-prefeitura-4-300x142.jpg 300w, https:\/\/sinservregional.com.br\/site\/wp-content\/uploads\/2020\/05\/protesto-prefeitura-4-768x363.jpg 768w\" sizes=\"auto, (max-width: 960px) 100vw, 960px\" \/><\/figure>\n\n\n\n<p>A mobiliza\u00e7\u00e3o foi organizada e estruturada seguindo as orienta\u00e7\u00f5es dos \u00f3rg\u00e3os de sa\u00fade, com uso de m\u00e1scaras e \u00e1lcool gel e mantendo o distanciamento.<\/p>\n\n\n\n<figure class=\"wp-block-image size-large is-resized\"><img loading=\"lazy\" decoding=\"async\" src=\"https:\/\/sinservregional.com.br\/site\/wp-content\/uploads\/2020\/05\/protesto-prefeitura-5.jpg\" alt=\"\" class=\"wp-image-9220\" width=\"310\" height=\"655\" srcset=\"https:\/\/sinservregional.com.br\/site\/wp-content\/uploads\/2020\/05\/protesto-prefeitura-5.jpg 454w, https:\/\/sinservregional.com.br\/site\/wp-content\/uploads\/2020\/05\/protesto-prefeitura-5-142x300.jpg 142w\" sizes=\"auto, (max-width: 310px) 100vw, 310px\" \/><\/figure>\n","protected":false},"excerpt":{"rendered":"<p>Em ato realizado na manh\u00e3 desta sexta-feira, 22 de maio de 2020, em frente a prefeitura municipal de Jequi\u00e9, dirigentes sindicais do SINSERV e do SIND-ACS ao lado dos servidores p\u00fablicos municipais protestaram contra a prefeitura de Jequi\u00e9, quando em momento algum, desde o in\u00edcio da pandemia, se sensibilizou com a sa\u00fade dos trabalhadores.Os sindicatos &hellip; <\/p>\n","protected":false},"author":1,"featured_media":9216,"comment_status":"open","ping_status":"open","sticky":false,"template":"","format":"standard","meta":{"footnotes":""},"categories":[22,18,15],"tags":[],"class_list":["post-9215","post","type-post","status-publish","format-standard","has-post-thumbnail","hentry","category-destaques","category-c37-eventos","category-c34-gerais"],"_links":{"self":[{"href":"https:\/\/sinservregional.com.br\/site\/index.php?rest_route=\/wp\/v2\/posts\/9215","targetHints":{"allow":["GET"]}}],"collection":[{"href":"https:\/\/sinservregional.com.br\/site\/index.php?rest_route=\/wp\/v2\/posts"}],"about":[{"href":"https:\/\/sinservregional.com.br\/site\/index.php?rest_route=\/wp\/v2\/types\/post"}],"author":[{"embeddable":true,"href":"https:\/\/sinservregional.com.br\/site\/index.php?rest_route=\/wp\/v2\/users\/1"}],"replies":[{"embeddable":true,"href":"https:\/\/sinservregional.com.br\/site\/index.php?rest_route=%2Fwp%2Fv2%2Fcomments&post=9215"}],"version-history":[{"count":1,"href":"https:\/\/sinservregional.com.br\/site\/index.php?rest_route=\/wp\/v2\/posts\/9215\/revisions"}],"predecessor-version":[{"id":9221,"href":"https:\/\/sinservregional.com.br\/site\/index.php?rest_route=\/wp\/v2\/posts\/9215\/revisions\/9221"}],"wp:featuredmedia":[{"embeddable":true,"href":"https:\/\/sinservregional.com.br\/site\/index.php?rest_route=\/wp\/v2\/media\/9216"}],"wp:attachment":[{"href":"https:\/\/sinservregional.com.br\/site\/index.php?rest_route=%2Fwp%2Fv2%2Fmedia&parent=9215"}],"wp:term":[{"taxonomy":"category","embeddable":true,"href":"https:\/\/sinservregional.com.br\/site\/index.php?rest_route=%2Fwp%2Fv2%2Fcategories&post=9215"},{"taxonomy":"post_tag","embeddable":true,"href":"https:\/\/sinservregional.com.br\/site\/index.php?rest_route=%2Fwp%2Fv2%2Ftags&post=9215"}],"curies":[{"name":"wp","href":"https:\/\/api.w.org\/{rel}","templated":true}]}}