{"id":9161,"date":"2020-04-22T22:01:53","date_gmt":"2020-04-22T22:01:53","guid":{"rendered":"http:\/\/sinservregional.com.br\/site\/?p=9161"},"modified":"2020-04-22T22:05:01","modified_gmt":"2020-04-22T22:05:01","slug":"campanha-seja-solidario-do-sinserv-distribuiu-alimentos-e-itens-higiene-pessoal-e-limpeza-para-servidores-publicos-municipais","status":"publish","type":"post","link":"https:\/\/sinservregional.com.br\/site\/?p=9161","title":{"rendered":"Campanha Seja Solid\u00e1rio  distribuiu alimentos para servidores p\u00fablicos municipais"},"content":{"rendered":"\n<p>As cestas foram entregues aos servidores p\u00fablicos, que\u00a0mais precisam e est\u00e3o sem receber seus sal\u00e1rios.<\/p>\n\n\n\n<figure class=\"wp-block-image size-large\"><img loading=\"lazy\" decoding=\"async\" width=\"494\" height=\"489\" src=\"https:\/\/sinservregional.com.br\/site\/wp-content\/uploads\/2020\/04\/14_IMG_20200417_220045.jpg\" alt=\"\" class=\"wp-image-9162\" srcset=\"https:\/\/sinservregional.com.br\/site\/wp-content\/uploads\/2020\/04\/14_IMG_20200417_220045.jpg 494w, https:\/\/sinservregional.com.br\/site\/wp-content\/uploads\/2020\/04\/14_IMG_20200417_220045-300x297.jpg 300w\" sizes=\"auto, (max-width: 494px) 100vw, 494px\" \/><\/figure>\n\n\n\n<p>A Campanha \u201cSeja Solid\u00e1rio\u201d do SINSERV atingiu o\nesperado e ganhou as redes sociais. A popula\u00e7\u00e3o jequieense e servidores fizeram\nsuas doa\u00e7\u00f5es e de forma solid\u00e1ria colaboraram entregando na sede da entidade\nalimentos, material de limpeza e itens de higiene pessoal.&nbsp;<\/p>\n\n\n\n<p>As cestas foram destinadas aos servidores que mais\nnecessitam nesse momento de distanciamento social e que n\u00e3o podem sair de casa,\nprincipalmente os servidores com baixos sal\u00e1rios, aposentados e aqueles que\nest\u00e3o com problemas de sa\u00fade.<\/p>\n\n\n\n<figure class=\"wp-block-image size-large is-resized\"><img loading=\"lazy\" decoding=\"async\" src=\"https:\/\/sinservregional.com.br\/site\/wp-content\/uploads\/2020\/04\/4_IMG_20200417_193127-1024x970.jpg\" alt=\"\" class=\"wp-image-9164\" width=\"508\" height=\"481\" srcset=\"https:\/\/sinservregional.com.br\/site\/wp-content\/uploads\/2020\/04\/4_IMG_20200417_193127-1024x970.jpg 1024w, https:\/\/sinservregional.com.br\/site\/wp-content\/uploads\/2020\/04\/4_IMG_20200417_193127-300x284.jpg 300w, https:\/\/sinservregional.com.br\/site\/wp-content\/uploads\/2020\/04\/4_IMG_20200417_193127-768x727.jpg 768w, https:\/\/sinservregional.com.br\/site\/wp-content\/uploads\/2020\/04\/4_IMG_20200417_193127-1536x1454.jpg 1536w, https:\/\/sinservregional.com.br\/site\/wp-content\/uploads\/2020\/04\/4_IMG_20200417_193127-60x57.jpg 60w, https:\/\/sinservregional.com.br\/site\/wp-content\/uploads\/2020\/04\/4_IMG_20200417_193127.jpg 1844w\" sizes=\"auto, (max-width: 508px) 100vw, 508px\" \/><\/figure>\n\n\n\n<p>Essa Campanha foi idealizada com o objetivo de\nentregar as cestas aos servidores p\u00fablicos municipais que est\u00e3o precisando e\nque diante da situa\u00e7\u00e3o de atraso de sal\u00e1rio, pois a prefeitura n\u00e3o efetuou o\npagamento do sal\u00e1rio do m\u00eas de mar\u00e7o de todos os servidores. Muitos deles s\u00e3o arrimo\nde fam\u00edlia.&nbsp;<\/p>\n\n\n\n<p>A arrecada\u00e7\u00e3o ocorreu durante o per\u00edodo de&nbsp;14\na 18 de abril de 2020 e a entrega das Cestas foi realizada nos dias 17 e 20 de\nabril, na sede do sindicato. Aos servidores idosos ou com problemas de sa\u00fade,\nas cestas foram entregues em suas resid\u00eancias.<\/p>\n\n\n\n<figure class=\"wp-block-image size-large\"><img loading=\"lazy\" decoding=\"async\" width=\"996\" height=\"1024\" src=\"https:\/\/sinservregional.com.br\/site\/wp-content\/uploads\/2020\/04\/5_IMG_20200417_192504-996x1024.jpg\" alt=\"\" class=\"wp-image-9165\" srcset=\"https:\/\/sinservregional.com.br\/site\/wp-content\/uploads\/2020\/04\/5_IMG_20200417_192504-996x1024.jpg 996w, https:\/\/sinservregional.com.br\/site\/wp-content\/uploads\/2020\/04\/5_IMG_20200417_192504-292x300.jpg 292w, https:\/\/sinservregional.com.br\/site\/wp-content\/uploads\/2020\/04\/5_IMG_20200417_192504-768x789.jpg 768w, https:\/\/sinservregional.com.br\/site\/wp-content\/uploads\/2020\/04\/5_IMG_20200417_192504-1495x1536.jpg 1495w, https:\/\/sinservregional.com.br\/site\/wp-content\/uploads\/2020\/04\/5_IMG_20200417_192504.jpg 1844w\" sizes=\"auto, (max-width: 996px) 100vw, 996px\" \/><\/figure>\n\n\n\n<p>O Sinserv seguiu todos os protocolos das\nautoridades de sa\u00fade, higienizando as cestas&nbsp;e no momento da entrega, as\nm\u00e3os das pessoas tamb\u00e9m foram higienizadas com \u00e1lcool 70%. Al\u00e9m do mais, as\npessoas foram orientadas sobre os cuidados di\u00e1rios para evitar contamina\u00e7\u00e3o do\nv\u00edrus. Foram entregues tamb\u00e9m m\u00e1scaras&nbsp; &nbsp;de prote\u00e7\u00e3o no formato descart\u00e1vel.&nbsp;<\/p>\n\n\n\n<p>A Campanha \u201cSeja Solid\u00e1rio\u201d do SINSERV faz parte de\numa das a\u00e7\u00f5es sociais que a entidades v\u00eam realizando em defesa dos servidores\np\u00fablicos, frente a falta de respeito do Prefeito Municipal que vem atrasando o\npagamento dos sal\u00e1rios da categoria. Sem sal\u00e1rio e passando por necessidade de\ng\u00eaneros de primeira necessidade, muitos acabariam saindo de casa.&nbsp;<\/p>\n\n\n\n<figure class=\"wp-block-image size-large\"><img loading=\"lazy\" decoding=\"async\" width=\"594\" height=\"489\" src=\"https:\/\/sinservregional.com.br\/site\/wp-content\/uploads\/2020\/04\/17_IMG_20200417_215936.jpg\" alt=\"\" class=\"wp-image-9168\" srcset=\"https:\/\/sinservregional.com.br\/site\/wp-content\/uploads\/2020\/04\/17_IMG_20200417_215936.jpg 594w, https:\/\/sinservregional.com.br\/site\/wp-content\/uploads\/2020\/04\/17_IMG_20200417_215936-300x247.jpg 300w\" sizes=\"auto, (max-width: 594px) 100vw, 594px\" \/><\/figure>\n\n\n\n<p>O Presidente do SINSERV, Ven\u00edcio Lucena, destacou&nbsp;o\nempenho da dire\u00e7\u00e3o da entidade e a solidariedade dos diversos colegas e das\npessoas que&nbsp;fizeram doa\u00e7\u00e3o. Destacou ainda, a colabora\u00e7\u00e3o das empresas:\nPetyan, Leite Sol, COGNE, Maria e Maria Conceito Jur\u00eddico, Ricardo Tourinho\nAdvogados Associados, An\u00edsio Fontes Comunica\u00e7\u00e3o e Sergio Couto Estilista, pelas\ndoa\u00e7\u00f5es em prol dos nossos colegas. Nosso muito obrigado a todos voc\u00eas!<\/p>\n\n\n\n<figure class=\"wp-block-image size-large\"><img loading=\"lazy\" decoding=\"async\" width=\"1024\" height=\"721\" src=\"https:\/\/sinservregional.com.br\/site\/wp-content\/uploads\/2020\/04\/3_IMG_20200417_194123-1024x721.jpg\" alt=\"\" class=\"wp-image-9169\" srcset=\"https:\/\/sinservregional.com.br\/site\/wp-content\/uploads\/2020\/04\/3_IMG_20200417_194123-1024x721.jpg 1024w, https:\/\/sinservregional.com.br\/site\/wp-content\/uploads\/2020\/04\/3_IMG_20200417_194123-300x211.jpg 300w, https:\/\/sinservregional.com.br\/site\/wp-content\/uploads\/2020\/04\/3_IMG_20200417_194123-768x541.jpg 768w, https:\/\/sinservregional.com.br\/site\/wp-content\/uploads\/2020\/04\/3_IMG_20200417_194123-1536x1081.jpg 1536w, https:\/\/sinservregional.com.br\/site\/wp-content\/uploads\/2020\/04\/3_IMG_20200417_194123-2048x1441.jpg 2048w, https:\/\/sinservregional.com.br\/site\/wp-content\/uploads\/2020\/04\/3_IMG_20200417_194123-140x100.jpg 140w\" sizes=\"auto, (max-width: 1024px) 100vw, 1024px\" \/><\/figure>\n\n\n\n<p>O SINSERV continua atuando com a\u00e7\u00f5es de combate a\nCOVID \u2013 19 e alerta a popula\u00e7\u00e3o que mantenha o afastamento social e s\u00f3 saiam de\ncasa caso seja extremamente necess\u00e1rio e de m\u00e1scara.&nbsp;<\/p>\n\n\n\n<p>FIQUE EM CASA. TODOS CONTRA O CORONAV\u00cdRUS. <\/p>\n\n\n\n<p>SE PRECISAR SAIR, USE M\u00c1SCARA DE PROTE\u00c7\u00c3O. <\/p>\n","protected":false},"excerpt":{"rendered":"<p>As cestas foram entregues aos servidores p\u00fablicos, que\u00a0mais precisam e est\u00e3o sem receber seus sal\u00e1rios. A Campanha \u201cSeja Solid\u00e1rio\u201d do SINSERV atingiu o esperado e ganhou as redes sociais. A popula\u00e7\u00e3o jequieense e servidores fizeram suas doa\u00e7\u00f5es e de forma solid\u00e1ria colaboraram entregando na sede da entidade alimentos, material de limpeza e itens de higiene &hellip; <\/p>\n","protected":false},"author":1,"featured_media":9166,"comment_status":"open","ping_status":"open","sticky":false,"template":"","format":"standard","meta":{"footnotes":""},"categories":[22,18,15],"tags":[],"class_list":["post-9161","post","type-post","status-publish","format-standard","has-post-thumbnail","hentry","category-destaques","category-c37-eventos","category-c34-gerais"],"_links":{"self":[{"href":"https:\/\/sinservregional.com.br\/site\/index.php?rest_route=\/wp\/v2\/posts\/9161","targetHints":{"allow":["GET"]}}],"collection":[{"href":"https:\/\/sinservregional.com.br\/site\/index.php?rest_route=\/wp\/v2\/posts"}],"about":[{"href":"https:\/\/sinservregional.com.br\/site\/index.php?rest_route=\/wp\/v2\/types\/post"}],"author":[{"embeddable":true,"href":"https:\/\/sinservregional.com.br\/site\/index.php?rest_route=\/wp\/v2\/users\/1"}],"replies":[{"embeddable":true,"href":"https:\/\/sinservregional.com.br\/site\/index.php?rest_route=%2Fwp%2Fv2%2Fcomments&post=9161"}],"version-history":[{"count":4,"href":"https:\/\/sinservregional.com.br\/site\/index.php?rest_route=\/wp\/v2\/posts\/9161\/revisions"}],"predecessor-version":[{"id":9173,"href":"https:\/\/sinservregional.com.br\/site\/index.php?rest_route=\/wp\/v2\/posts\/9161\/revisions\/9173"}],"wp:featuredmedia":[{"embeddable":true,"href":"https:\/\/sinservregional.com.br\/site\/index.php?rest_route=\/wp\/v2\/media\/9166"}],"wp:attachment":[{"href":"https:\/\/sinservregional.com.br\/site\/index.php?rest_route=%2Fwp%2Fv2%2Fmedia&parent=9161"}],"wp:term":[{"taxonomy":"category","embeddable":true,"href":"https:\/\/sinservregional.com.br\/site\/index.php?rest_route=%2Fwp%2Fv2%2Fcategories&post=9161"},{"taxonomy":"post_tag","embeddable":true,"href":"https:\/\/sinservregional.com.br\/site\/index.php?rest_route=%2Fwp%2Fv2%2Ftags&post=9161"}],"curies":[{"name":"wp","href":"https:\/\/api.w.org\/{rel}","templated":true}]}}