{"id":916,"date":"2010-06-02T18:50:41","date_gmt":"2010-06-02T18:50:41","guid":{"rendered":"http:\/\/sinservregional.com.br\/site\/?p=916"},"modified":"2010-06-02T18:50:41","modified_gmt":"2010-06-02T18:50:41","slug":"sesab-mantem-vacinacao-contra-h1n1-ate-11-de-junho","status":"publish","type":"post","link":"https:\/\/sinservregional.com.br\/site\/?p=916","title":{"rendered":"Sesab mant\u00e9m vacina\u00e7\u00e3o contra H1N1 at\u00e9 11 de junho"},"content":{"rendered":"<p align=\"justify\"><span style=\"line-height: 115%; font-family: 'Verdana','sans-serif'; font-size: 10pt\"><font color=\"#000000\"><strong><span style=\"font-family: 'Verdana','sans-serif'; font-size: 10pt\"><img loading=\"lazy\" decoding=\"async\" src=\"http:\/\/hotmed.files.wordpress.com\/2009\/08\/gripe-suina.jpg\" border=\"0\" hspace=\"10\" width=\"100\" height=\"86\" align=\"left\" \/>Sesab mant\u00e9m vacina\u00e7\u00e3o contra H1N1 at\u00e9 11 de junho<\/span><\/strong><\/font><\/span><\/p>\n<p align=\"justify\"><span style=\"line-height: 115%; font-family: 'Verdana','sans-serif'; font-size: 10pt\"><font color=\"#000000\"><\/font><\/span><span style=\"line-height: 115%; font-family: 'Verdana','sans-serif'; font-size: 10pt\"><font color=\"#000000\">A vacina\u00e7\u00e3o contra a gripe A continuar\u00e1 dispon\u00edvel nos postos de <\/font><a href=\"http:\/\/www.atarde.com.br\/cidades\/noticia.jsf?id=2792950\"><span style=\"color: windowtext; text-decoration: none; text-underline: none\"><u>sa\u00fade<\/u><\/span><\/a><font color=\"#000000\"> da Bahia at\u00e9 11 de junho, apesar do fim da campanha nacional nesta quarta, 2. A Secretaria Estadual de Sa\u00fade (Sesab) tomou essa decis\u00e3o por n\u00e3o ter alcan\u00e7ado a meta de cobertura em alguns grupos e por ainda ter 400 mil doses da vacina no estoque.<\/font><\/span> <\/p>\n<p> <!--more--> <\/p>\n<p style=\"text-align: justify; margin: 0cm 0cm 10pt\" class=\"MsoNormal\" align=\"justify\">\n<p>A assessoria de imprensa da Sesab explicou que 11 \u00e9 o \u00faltimo dia para o \u00f3rg\u00e3o enviar <a href=\"http:\/\/www.atarde.com.br\/cidades\/noticia.jsf?id=2792950\"><span style=\"color: windowtext; text-decoration: none; text-underline: none\"><u>informa\u00e7\u00f5es<\/u><\/span><\/a><font color=\"#000000\"> sobre a imuniza\u00e7\u00e3o da Gripe A para o Minist\u00e9rio da Sa\u00fade. Al\u00e9m disso, a assessoria afirmou que as vacinas t\u00eam prazo de validade curto e que vencem no final deste m\u00eas, portanto precisam ser aplicadas logo.<\/p>\n<p>De acordo com a assessoria, apenas 16% do p\u00fablico-alvo, de 283 mil crian\u00e7as entre 2 e 5 anos incompletos, foram vacinados na Bahia. A cobertura tamb\u00e9m foi baixa entre adultos de 30 a 39 anos, que <\/font><a href=\"http:\/\/www.atarde.com.br\/cidades\/noticia.jsf?id=2792950\"><span style=\"color: windowtext; text-decoration: none; text-underline: none\"><u>teve<\/u><\/span><\/a><font color=\"#000000\"> cobertura de apenas 46%. O <\/font><a href=\"http:\/\/www.atarde.com.br\/cidades\/noticia.jsf?id=2792950\"><span style=\"color: windowtext; text-decoration: none; text-underline: none\"><u>\u00edndice<\/u><\/span><\/a><font color=\"#000000\"> tamb\u00e9m \u00e9 baixo no grupo de adultos de 20 a 29 anos, portadores de doen\u00e7as cr\u00f4nicas e gestantes.<\/font><\/p>\n<p align=\"justify\"><font color=\"#000000\"><strong>A Tarde<\/strong><\/font><\/p>\n","protected":false},"excerpt":{"rendered":"<p>Sesab mant\u00e9m vacina\u00e7\u00e3o contra H1N1 at\u00e9 11 de junho A vacina\u00e7\u00e3o contra a gripe A continuar\u00e1 dispon\u00edvel nos postos de sa\u00fade da Bahia at\u00e9 11 de junho, apesar do fim da campanha nacional nesta quarta, 2. A Secretaria Estadual de Sa\u00fade (Sesab) tomou essa decis\u00e3o por n\u00e3o ter alcan\u00e7ado a meta de cobertura em alguns &hellip; <\/p>\n","protected":false},"author":1,"featured_media":0,"comment_status":"open","ping_status":"open","sticky":false,"template":"","format":"standard","meta":{"footnotes":""},"categories":[15],"tags":[],"class_list":["post-916","post","type-post","status-publish","format-standard","hentry","category-c34-gerais"],"_links":{"self":[{"href":"https:\/\/sinservregional.com.br\/site\/index.php?rest_route=\/wp\/v2\/posts\/916","targetHints":{"allow":["GET"]}}],"collection":[{"href":"https:\/\/sinservregional.com.br\/site\/index.php?rest_route=\/wp\/v2\/posts"}],"about":[{"href":"https:\/\/sinservregional.com.br\/site\/index.php?rest_route=\/wp\/v2\/types\/post"}],"author":[{"embeddable":true,"href":"https:\/\/sinservregional.com.br\/site\/index.php?rest_route=\/wp\/v2\/users\/1"}],"replies":[{"embeddable":true,"href":"https:\/\/sinservregional.com.br\/site\/index.php?rest_route=%2Fwp%2Fv2%2Fcomments&post=916"}],"version-history":[{"count":0,"href":"https:\/\/sinservregional.com.br\/site\/index.php?rest_route=\/wp\/v2\/posts\/916\/revisions"}],"wp:attachment":[{"href":"https:\/\/sinservregional.com.br\/site\/index.php?rest_route=%2Fwp%2Fv2%2Fmedia&parent=916"}],"wp:term":[{"taxonomy":"category","embeddable":true,"href":"https:\/\/sinservregional.com.br\/site\/index.php?rest_route=%2Fwp%2Fv2%2Fcategories&post=916"},{"taxonomy":"post_tag","embeddable":true,"href":"https:\/\/sinservregional.com.br\/site\/index.php?rest_route=%2Fwp%2Fv2%2Ftags&post=916"}],"curies":[{"name":"wp","href":"https:\/\/api.w.org\/{rel}","templated":true}]}}