{"id":9139,"date":"2020-03-31T03:29:42","date_gmt":"2020-03-31T03:29:42","guid":{"rendered":"http:\/\/sinservregional.com.br\/site\/?p=9139"},"modified":"2020-03-31T03:29:45","modified_gmt":"2020-03-31T03:29:45","slug":"diretores-do-sinserv-de-jequie-se-reunem-para-avaliar-a-situacao-de-emergencia-causada-pela-pandemia-do-novo-coronavirus","status":"publish","type":"post","link":"https:\/\/sinservregional.com.br\/site\/?p=9139","title":{"rendered":"Diretores do SINSERV de Jequi\u00e9 se re\u00fanem para avaliar a situa\u00e7\u00e3o de emerg\u00eancia causada pela pandemia do novo coronav\u00edrus"},"content":{"rendered":"\n<figure class=\"wp-block-image size-large\"><img loading=\"lazy\" decoding=\"async\" width=\"1024\" height=\"770\" src=\"https:\/\/sinservregional.com.br\/site\/wp-content\/uploads\/2020\/03\/IMG-20200330-WA0098-1024x770.jpg\" alt=\"\" class=\"wp-image-9140\" srcset=\"https:\/\/sinservregional.com.br\/site\/wp-content\/uploads\/2020\/03\/IMG-20200330-WA0098-1024x770.jpg 1024w, https:\/\/sinservregional.com.br\/site\/wp-content\/uploads\/2020\/03\/IMG-20200330-WA0098-300x225.jpg 300w, https:\/\/sinservregional.com.br\/site\/wp-content\/uploads\/2020\/03\/IMG-20200330-WA0098-768x577.jpg 768w, https:\/\/sinservregional.com.br\/site\/wp-content\/uploads\/2020\/03\/IMG-20200330-WA0098.jpg 1280w\" sizes=\"auto, (max-width: 1024px) 100vw, 1024px\" \/><\/figure>\n\n\n\n<p>Em reuni\u00e3o realizada no SINSERV na manh\u00e3 desta segunda, 30\/03\/2020, a dire\u00e7\u00e3o da entidade\u00a0discutiu e avaliou as a\u00e7\u00f5es do poder p\u00fablico diante ao enfrentamento do novo Coronav\u00edrus (COVID-19).<\/p>\n\n\n\n<p>Antes mesmo dos governantes terem editado medidas de combate e preven\u00e7\u00e3o a pandemia, que j\u00e1 vitimou\u00a0milhares de pessoas\u00a0em todo mundo, o SINSERV encaminhou of\u00edcio ao poder executivo municipal solicitando informa\u00e7\u00f5es sobre as a\u00e7\u00f5es e medidas de preven\u00e7\u00e3o nos setores p\u00fablicos e privados.<\/p>\n\n\n\n<p>Visando evitar a propaga\u00e7\u00e3o do v\u00edrus, a rotina da entidade sofreu alguns ajustes que n\u00e3o implicaram na interrup\u00e7\u00e3o das atividades de defesa da categoria. Os atendimentos presenciais foram suspensos por prazo\u00a0 indeterminado, contudo, todas as atividades de representa\u00e7\u00e3o e defesa da categoria est\u00e3o sendo mantidas pelos diretores em condi\u00e7\u00f5es de exerc\u00edcio das suas fun\u00e7\u00f5es. O atendimento vem sendo realizado atrav\u00e9s das redes sociais, por liga\u00e7\u00e3o telef\u00f4nica e e-mails, visto a necessidade de fechamento da sede da entidade em Jequi\u00e9 e nos Munic\u00edpios de Aiquara, Itagi, Itiru\u00e7u Lafaiete Coutinho e Manoel Vitorino.<\/p>\n\n\n\n<p>As reuni\u00f5es da diretoria, a exce\u00e7\u00e3o da que ocorreu hoje, estar\u00e3o sendo realizadas por v\u00eddeo confer\u00eancia em respeito aos protocolos de seguran\u00e7a da OMS.<\/p>\n\n\n\n<p>O SINSERV est\u00e1 atento aos encaminhamentos das a\u00e7\u00f5es de preven\u00e7\u00e3o e combate ao v\u00edrus, bem como as condi\u00e7\u00f5es de trabalho que est\u00e3o sendo submetidos os servidores lotados nas unidades tidas como servi\u00e7o essencial.\u00a0No dia 22 de mar\u00e7o ocorreu uma reuni\u00e3o com o comit\u00ea gestor da crise em Jequi\u00e9, sendo garantido \u00e0 entidade que todas as medidas necess\u00e1rias para fornecimento de EPIs j\u00e1 estavam sendo providenciadas.\u00a0<\/p>\n\n\n\n<p>O presidente do SINSERV, Ven\u00edcio Lucena, disse que a entidade vem recebendo in\u00fameras reclama\u00e7\u00f5es dos servidores sobre a falta de condi\u00e7\u00f5es de trabalho. &#8220;Ap\u00f3s avalia\u00e7\u00f5es e diante das reclama\u00e7\u00f5es, a dire\u00e7\u00e3o da entidade decidiu visitar todas as unidades municipais envolvidas no combate ao COVID &#8211; 19 para se certificar das condi\u00e7\u00f5es de trabalho dos servidores.\u00a0 As visitas acontecer\u00e3o inicialmente na sede de Jequi\u00e9&#8221;, relatou.<\/p>\n\n\n\n<p>Ven\u00edcio disse ainda, que com o t\u00e9rmino das barreiras sanit\u00e1rias ser\u00e3o realizadas visitas nas demais cidades que comp\u00f5em a \u00e1rea de atua\u00e7\u00e3o do SINSERV. Ele faz um pedido e alerta a comunidade jequieense, &#8221; Pedimos a todos e todas que fiquem em casa e que os servidores p\u00fablicos que est\u00e3o atuando no combate ao COVID-19 est\u00e3o trabalhando por toda a sociedade, por isso, precisamos que todos fa\u00e7am a sua parte &#8211; viva o servi\u00e7o p\u00fablico, viva o SUS&#8221;, finalizou.<\/p>\n","protected":false},"excerpt":{"rendered":"<p>Em reuni\u00e3o realizada no SINSERV na manh\u00e3 desta segunda, 30\/03\/2020, a dire\u00e7\u00e3o da entidade\u00a0discutiu e avaliou as a\u00e7\u00f5es do poder p\u00fablico diante ao enfrentamento do novo Coronav\u00edrus (COVID-19). Antes mesmo dos governantes terem editado medidas de combate e preven\u00e7\u00e3o a pandemia, que j\u00e1 vitimou\u00a0milhares de pessoas\u00a0em todo mundo, o SINSERV encaminhou of\u00edcio ao poder executivo &hellip; <\/p>\n","protected":false},"author":1,"featured_media":9140,"comment_status":"open","ping_status":"open","sticky":false,"template":"","format":"standard","meta":{"footnotes":""},"categories":[22,18,15],"tags":[],"class_list":["post-9139","post","type-post","status-publish","format-standard","has-post-thumbnail","hentry","category-destaques","category-c37-eventos","category-c34-gerais"],"_links":{"self":[{"href":"https:\/\/sinservregional.com.br\/site\/index.php?rest_route=\/wp\/v2\/posts\/9139","targetHints":{"allow":["GET"]}}],"collection":[{"href":"https:\/\/sinservregional.com.br\/site\/index.php?rest_route=\/wp\/v2\/posts"}],"about":[{"href":"https:\/\/sinservregional.com.br\/site\/index.php?rest_route=\/wp\/v2\/types\/post"}],"author":[{"embeddable":true,"href":"https:\/\/sinservregional.com.br\/site\/index.php?rest_route=\/wp\/v2\/users\/1"}],"replies":[{"embeddable":true,"href":"https:\/\/sinservregional.com.br\/site\/index.php?rest_route=%2Fwp%2Fv2%2Fcomments&post=9139"}],"version-history":[{"count":2,"href":"https:\/\/sinservregional.com.br\/site\/index.php?rest_route=\/wp\/v2\/posts\/9139\/revisions"}],"predecessor-version":[{"id":9142,"href":"https:\/\/sinservregional.com.br\/site\/index.php?rest_route=\/wp\/v2\/posts\/9139\/revisions\/9142"}],"wp:featuredmedia":[{"embeddable":true,"href":"https:\/\/sinservregional.com.br\/site\/index.php?rest_route=\/wp\/v2\/media\/9140"}],"wp:attachment":[{"href":"https:\/\/sinservregional.com.br\/site\/index.php?rest_route=%2Fwp%2Fv2%2Fmedia&parent=9139"}],"wp:term":[{"taxonomy":"category","embeddable":true,"href":"https:\/\/sinservregional.com.br\/site\/index.php?rest_route=%2Fwp%2Fv2%2Fcategories&post=9139"},{"taxonomy":"post_tag","embeddable":true,"href":"https:\/\/sinservregional.com.br\/site\/index.php?rest_route=%2Fwp%2Fv2%2Ftags&post=9139"}],"curies":[{"name":"wp","href":"https:\/\/api.w.org\/{rel}","templated":true}]}}