{"id":9130,"date":"2020-03-19T23:35:56","date_gmt":"2020-03-19T23:35:56","guid":{"rendered":"http:\/\/sinservregional.com.br\/site\/?p=9130"},"modified":"2020-03-19T23:36:12","modified_gmt":"2020-03-19T23:36:12","slug":"9130","status":"publish","type":"post","link":"https:\/\/sinservregional.com.br\/site\/?p=9130","title":{"rendered":""},"content":{"rendered":"\n<figure class=\"wp-block-image size-large\"><img loading=\"lazy\" decoding=\"async\" width=\"819\" height=\"1024\" src=\"https:\/\/sinservregional.com.br\/site\/wp-content\/uploads\/2020\/03\/IMG_20200319_201121_452-819x1024.jpg\" alt=\"\" class=\"wp-image-9131\" srcset=\"https:\/\/sinservregional.com.br\/site\/wp-content\/uploads\/2020\/03\/IMG_20200319_201121_452-819x1024.jpg 819w, https:\/\/sinservregional.com.br\/site\/wp-content\/uploads\/2020\/03\/IMG_20200319_201121_452-240x300.jpg 240w, https:\/\/sinservregional.com.br\/site\/wp-content\/uploads\/2020\/03\/IMG_20200319_201121_452-768x960.jpg 768w, https:\/\/sinservregional.com.br\/site\/wp-content\/uploads\/2020\/03\/IMG_20200319_201121_452.jpg 1080w\" sizes=\"auto, (max-width: 819px) 100vw, 819px\" \/><\/figure>\n\n\n\n<p>\n\nFoi encaminhado pelo SINSERV ao prefeito de Jequi\u00e9, S\u00e9rgio Suzart, extensivo ao secret\u00e1rio de sa\u00fade, Vitor Lavinski, o of\u00edcio n. 046\/2020, datado de 19 de mar\u00e7o de 2020, tratando sobre o novo Coronav\u00edrus &#8211; COVID-19, sugerindo que sejam estendidas as medidas de car\u00e1ter preventivo empossadas no Decreto 20.247\/2020.No oficio consta a preocupa\u00e7\u00e3o do SINSERV com a sa\u00fade e bem estar da popula\u00e7\u00e3o, e todos que trabalham no servi\u00e7o p\u00fablico, em especial profissionais de sa\u00fade, classe que n\u00e3o recuar\u00e1, solicitando informa\u00e7\u00f5es quanto ao plano de a\u00e7\u00e3o do munic\u00edpio frente as a\u00e7\u00f5es adotadas pelos governos Federal e Estadual.Com alguns questionamentos o texto segue solicitando di\u00e1logo direto com as entidades sindicais, representantes dos servidores p\u00fablicos e demais representantes da rede privada de sa\u00fade no sentido de poder fazer o enfrentamento desta crise mundial.\n\n<\/p>\n\n\n\n<figure class=\"wp-block-image size-large\"><img loading=\"lazy\" decoding=\"async\" width=\"819\" height=\"1024\" src=\"https:\/\/sinservregional.com.br\/site\/wp-content\/uploads\/2020\/03\/IMG_20200319_201121_453-819x1024.jpg\" alt=\"\" class=\"wp-image-9132\" srcset=\"https:\/\/sinservregional.com.br\/site\/wp-content\/uploads\/2020\/03\/IMG_20200319_201121_453-819x1024.jpg 819w, https:\/\/sinservregional.com.br\/site\/wp-content\/uploads\/2020\/03\/IMG_20200319_201121_453-240x300.jpg 240w, https:\/\/sinservregional.com.br\/site\/wp-content\/uploads\/2020\/03\/IMG_20200319_201121_453-768x960.jpg 768w, https:\/\/sinservregional.com.br\/site\/wp-content\/uploads\/2020\/03\/IMG_20200319_201121_453.jpg 1080w\" sizes=\"auto, (max-width: 819px) 100vw, 819px\" \/><\/figure>\n\n\n\n<figure class=\"wp-block-image size-large\"><img loading=\"lazy\" decoding=\"async\" width=\"819\" height=\"1024\" src=\"https:\/\/sinservregional.com.br\/site\/wp-content\/uploads\/2020\/03\/IMG_20200319_201121_455-819x1024.jpg\" alt=\"\" class=\"wp-image-9133\" srcset=\"https:\/\/sinservregional.com.br\/site\/wp-content\/uploads\/2020\/03\/IMG_20200319_201121_455-819x1024.jpg 819w, https:\/\/sinservregional.com.br\/site\/wp-content\/uploads\/2020\/03\/IMG_20200319_201121_455-240x300.jpg 240w, https:\/\/sinservregional.com.br\/site\/wp-content\/uploads\/2020\/03\/IMG_20200319_201121_455-768x960.jpg 768w, https:\/\/sinservregional.com.br\/site\/wp-content\/uploads\/2020\/03\/IMG_20200319_201121_455.jpg 1080w\" sizes=\"auto, (max-width: 819px) 100vw, 819px\" \/><\/figure>\n\n\n\n<figure class=\"wp-block-image size-large\"><img loading=\"lazy\" decoding=\"async\" width=\"820\" height=\"1024\" src=\"https:\/\/sinservregional.com.br\/site\/wp-content\/uploads\/2020\/03\/IMG_20200319_201121_458-820x1024.jpg\" alt=\"\" class=\"wp-image-9134\" srcset=\"https:\/\/sinservregional.com.br\/site\/wp-content\/uploads\/2020\/03\/IMG_20200319_201121_458-820x1024.jpg 820w, https:\/\/sinservregional.com.br\/site\/wp-content\/uploads\/2020\/03\/IMG_20200319_201121_458-240x300.jpg 240w, https:\/\/sinservregional.com.br\/site\/wp-content\/uploads\/2020\/03\/IMG_20200319_201121_458-768x960.jpg 768w, https:\/\/sinservregional.com.br\/site\/wp-content\/uploads\/2020\/03\/IMG_20200319_201121_458.jpg 1066w\" sizes=\"auto, (max-width: 820px) 100vw, 820px\" \/><\/figure>\n","protected":false},"excerpt":{"rendered":"<p>Foi encaminhado pelo SINSERV ao prefeito de Jequi\u00e9, S\u00e9rgio Suzart, extensivo ao secret\u00e1rio de sa\u00fade, Vitor Lavinski, o of\u00edcio n. 046\/2020, datado de 19 de mar\u00e7o de 2020, tratando sobre o novo Coronav\u00edrus &#8211; COVID-19, sugerindo que sejam estendidas as medidas de car\u00e1ter preventivo empossadas no Decreto 20.247\/2020.No oficio consta a preocupa\u00e7\u00e3o do SINSERV com &hellip; <\/p>\n","protected":false},"author":1,"featured_media":9131,"comment_status":"open","ping_status":"open","sticky":false,"template":"","format":"standard","meta":{"footnotes":""},"categories":[22,18,15],"tags":[],"class_list":["post-9130","post","type-post","status-publish","format-standard","has-post-thumbnail","hentry","category-destaques","category-c37-eventos","category-c34-gerais"],"_links":{"self":[{"href":"https:\/\/sinservregional.com.br\/site\/index.php?rest_route=\/wp\/v2\/posts\/9130","targetHints":{"allow":["GET"]}}],"collection":[{"href":"https:\/\/sinservregional.com.br\/site\/index.php?rest_route=\/wp\/v2\/posts"}],"about":[{"href":"https:\/\/sinservregional.com.br\/site\/index.php?rest_route=\/wp\/v2\/types\/post"}],"author":[{"embeddable":true,"href":"https:\/\/sinservregional.com.br\/site\/index.php?rest_route=\/wp\/v2\/users\/1"}],"replies":[{"embeddable":true,"href":"https:\/\/sinservregional.com.br\/site\/index.php?rest_route=%2Fwp%2Fv2%2Fcomments&post=9130"}],"version-history":[{"count":1,"href":"https:\/\/sinservregional.com.br\/site\/index.php?rest_route=\/wp\/v2\/posts\/9130\/revisions"}],"predecessor-version":[{"id":9135,"href":"https:\/\/sinservregional.com.br\/site\/index.php?rest_route=\/wp\/v2\/posts\/9130\/revisions\/9135"}],"wp:featuredmedia":[{"embeddable":true,"href":"https:\/\/sinservregional.com.br\/site\/index.php?rest_route=\/wp\/v2\/media\/9131"}],"wp:attachment":[{"href":"https:\/\/sinservregional.com.br\/site\/index.php?rest_route=%2Fwp%2Fv2%2Fmedia&parent=9130"}],"wp:term":[{"taxonomy":"category","embeddable":true,"href":"https:\/\/sinservregional.com.br\/site\/index.php?rest_route=%2Fwp%2Fv2%2Fcategories&post=9130"},{"taxonomy":"post_tag","embeddable":true,"href":"https:\/\/sinservregional.com.br\/site\/index.php?rest_route=%2Fwp%2Fv2%2Ftags&post=9130"}],"curies":[{"name":"wp","href":"https:\/\/api.w.org\/{rel}","templated":true}]}}