{"id":8980,"date":"2019-12-20T05:05:17","date_gmt":"2019-12-20T05:05:17","guid":{"rendered":"http:\/\/sinservregional.com.br\/site\/?p=8980"},"modified":"2019-12-20T05:05:21","modified_gmt":"2019-12-20T05:05:21","slug":"convocacao-categoria-se-mobiliza-repudiando-acao-do-gestor-que-deixa-servidor-sem-13o-no-natal","status":"publish","type":"post","link":"https:\/\/sinservregional.com.br\/site\/?p=8980","title":{"rendered":"Convoca\u00e7\u00e3o: Categoria se mobiliza repudiando a\u00e7\u00e3o do gestor que deixa servidor sem 13\u00ba no Natal"},"content":{"rendered":"\n<figure class=\"wp-block-image size-large is-style-default\"><img loading=\"lazy\" decoding=\"async\" width=\"1024\" height=\"585\" src=\"https:\/\/sinservregional.com.br\/site\/wp-content\/uploads\/2019\/12\/banner-deitada-CONVOCA\u00c7\u00c3O-13-1024x585.jpg\" alt=\"\" class=\"wp-image-8981\" srcset=\"https:\/\/sinservregional.com.br\/site\/wp-content\/uploads\/2019\/12\/banner-deitada-CONVOCA\u00c7\u00c3O-13-1024x585.jpg 1024w, https:\/\/sinservregional.com.br\/site\/wp-content\/uploads\/2019\/12\/banner-deitada-CONVOCA\u00c7\u00c3O-13-300x171.jpg 300w, https:\/\/sinservregional.com.br\/site\/wp-content\/uploads\/2019\/12\/banner-deitada-CONVOCA\u00c7\u00c3O-13-768x439.jpg 768w, https:\/\/sinservregional.com.br\/site\/wp-content\/uploads\/2019\/12\/banner-deitada-CONVOCA\u00c7\u00c3O-13.jpg 1323w\" sizes=\"auto, (max-width: 1024px) 100vw, 1024px\" \/><\/figure>\n\n\n\n<p>A Dire\u00e7\u00e3o do SINSERV convoca toda a categoria para uma Concentra\u00e7\u00e3o enfrente a Prefeitura Municipal de Jequi\u00e9 nesta sexta- feira, dia 20 de dezembro, \u00e0s 8 da manh\u00e3, com o objetivo de dizer ao gestor que a categoria n\u00e3o aceita essa decis\u00e3o que descumpre a Lei, n\u00e3o pagando o 13\u00ba sal\u00e1rio na data prevista e ainda com parcela que se estende para o pr\u00f3ximo ano.  <\/p>\n\n\n\n<p><\/p>\n\n\n\n<p><\/p>\n","protected":false},"excerpt":{"rendered":"<p>A Dire\u00e7\u00e3o do SINSERV convoca toda a categoria para uma Concentra\u00e7\u00e3o enfrente a Prefeitura Municipal de Jequi\u00e9 nesta sexta- feira, dia 20 de dezembro, \u00e0s 8 da manh\u00e3, com o objetivo de dizer ao gestor que a categoria n\u00e3o aceita essa decis\u00e3o que descumpre a Lei, n\u00e3o pagando o 13\u00ba sal\u00e1rio na data prevista e &hellip; <\/p>\n","protected":false},"author":1,"featured_media":8981,"comment_status":"open","ping_status":"open","sticky":false,"template":"","format":"standard","meta":{"footnotes":""},"categories":[22,18,15],"tags":[],"class_list":["post-8980","post","type-post","status-publish","format-standard","has-post-thumbnail","hentry","category-destaques","category-c37-eventos","category-c34-gerais"],"_links":{"self":[{"href":"https:\/\/sinservregional.com.br\/site\/index.php?rest_route=\/wp\/v2\/posts\/8980","targetHints":{"allow":["GET"]}}],"collection":[{"href":"https:\/\/sinservregional.com.br\/site\/index.php?rest_route=\/wp\/v2\/posts"}],"about":[{"href":"https:\/\/sinservregional.com.br\/site\/index.php?rest_route=\/wp\/v2\/types\/post"}],"author":[{"embeddable":true,"href":"https:\/\/sinservregional.com.br\/site\/index.php?rest_route=\/wp\/v2\/users\/1"}],"replies":[{"embeddable":true,"href":"https:\/\/sinservregional.com.br\/site\/index.php?rest_route=%2Fwp%2Fv2%2Fcomments&post=8980"}],"version-history":[{"count":1,"href":"https:\/\/sinservregional.com.br\/site\/index.php?rest_route=\/wp\/v2\/posts\/8980\/revisions"}],"predecessor-version":[{"id":8982,"href":"https:\/\/sinservregional.com.br\/site\/index.php?rest_route=\/wp\/v2\/posts\/8980\/revisions\/8982"}],"wp:featuredmedia":[{"embeddable":true,"href":"https:\/\/sinservregional.com.br\/site\/index.php?rest_route=\/wp\/v2\/media\/8981"}],"wp:attachment":[{"href":"https:\/\/sinservregional.com.br\/site\/index.php?rest_route=%2Fwp%2Fv2%2Fmedia&parent=8980"}],"wp:term":[{"taxonomy":"category","embeddable":true,"href":"https:\/\/sinservregional.com.br\/site\/index.php?rest_route=%2Fwp%2Fv2%2Fcategories&post=8980"},{"taxonomy":"post_tag","embeddable":true,"href":"https:\/\/sinservregional.com.br\/site\/index.php?rest_route=%2Fwp%2Fv2%2Ftags&post=8980"}],"curies":[{"name":"wp","href":"https:\/\/api.w.org\/{rel}","templated":true}]}}