{"id":8835,"date":"2019-11-03T14:23:31","date_gmt":"2019-11-03T14:23:31","guid":{"rendered":"http:\/\/sinservregional.com.br\/site\/?p=8835"},"modified":"2019-11-03T14:23:31","modified_gmt":"2019-11-03T14:23:31","slug":"o-sinserv-na-luta-contra-o-cancer-de-prostata","status":"publish","type":"post","link":"https:\/\/sinservregional.com.br\/site\/?p=8835","title":{"rendered":"O SINSERV na luta contra o c\u00e2ncer de pr\u00f3stata"},"content":{"rendered":"<p>Sai o Outubro Rosa e entra o Novembro Azul, o m\u00eas de conscientiza\u00e7\u00e3o sobre o c\u00e2ncer de pr\u00f3stata.<\/p>\n<p>Novembro Azul \u00e9 um movimento mundial que acontece durante o m\u00eas para refor\u00e7ar a import\u00e2ncia da preven\u00e7\u00e3o e do diagn\u00f3stico precoce do c\u00e2ncer de pr\u00f3stata<br \/>\nO c\u00e2ncer de pr\u00f3stata \u00e9 o mais comum entre os homens (desconsiderando o de pele) e a preven\u00e7\u00e3o \u00e9 o primeiro passo. Hoje, existe uma baixa taxa de ades\u00e3o ao exame de toque retal e uma resist\u00eancia de ir ao m\u00e9dico de maneira preventiva.<\/p>\n<p>O exame de rotina \u00e9 essencial, pois ajuda a diagnosticar o c\u00e2ncer de pr\u00f3stata e outros tantos problemas.<\/p>\n<p>Previna &#8211; se.<\/p>\n<p><a href=\"https:\/\/sinservregional.com.br\/site\/wp-content\/uploads\/2019\/11\/luta-cancer.jpg\"><img loading=\"lazy\" decoding=\"async\" class=\"alignnone size-full wp-image-8836\" src=\"https:\/\/sinservregional.com.br\/site\/wp-content\/uploads\/2019\/11\/luta-cancer.jpg\" alt=\"\" width=\"737\" height=\"720\" srcset=\"https:\/\/sinservregional.com.br\/site\/wp-content\/uploads\/2019\/11\/luta-cancer.jpg 737w, https:\/\/sinservregional.com.br\/site\/wp-content\/uploads\/2019\/11\/luta-cancer-300x293.jpg 300w\" sizes=\"auto, (max-width: 737px) 100vw, 737px\" \/><\/a><\/p>\n<p>&nbsp;<\/p>\n<p>&nbsp;<\/p>\n","protected":false},"excerpt":{"rendered":"<p>Sai o Outubro Rosa e entra o Novembro Azul, o m\u00eas de conscientiza\u00e7\u00e3o sobre o c\u00e2ncer de pr\u00f3stata. Novembro Azul \u00e9 um movimento mundial que acontece durante o m\u00eas para refor\u00e7ar a import\u00e2ncia da preven\u00e7\u00e3o e do diagn\u00f3stico precoce do c\u00e2ncer de pr\u00f3stata O c\u00e2ncer de pr\u00f3stata \u00e9 o mais comum entre os homens (desconsiderando &hellip; <\/p>\n","protected":false},"author":1,"featured_media":8836,"comment_status":"open","ping_status":"open","sticky":false,"template":"","format":"standard","meta":{"footnotes":""},"categories":[22,18,15],"tags":[24,23],"class_list":["post-8835","post","type-post","status-publish","format-standard","has-post-thumbnail","hentry","category-destaques","category-c37-eventos","category-c34-gerais","tag-cancer-de-mama","tag-cancer-de-prostata"],"_links":{"self":[{"href":"https:\/\/sinservregional.com.br\/site\/index.php?rest_route=\/wp\/v2\/posts\/8835","targetHints":{"allow":["GET"]}}],"collection":[{"href":"https:\/\/sinservregional.com.br\/site\/index.php?rest_route=\/wp\/v2\/posts"}],"about":[{"href":"https:\/\/sinservregional.com.br\/site\/index.php?rest_route=\/wp\/v2\/types\/post"}],"author":[{"embeddable":true,"href":"https:\/\/sinservregional.com.br\/site\/index.php?rest_route=\/wp\/v2\/users\/1"}],"replies":[{"embeddable":true,"href":"https:\/\/sinservregional.com.br\/site\/index.php?rest_route=%2Fwp%2Fv2%2Fcomments&post=8835"}],"version-history":[{"count":1,"href":"https:\/\/sinservregional.com.br\/site\/index.php?rest_route=\/wp\/v2\/posts\/8835\/revisions"}],"predecessor-version":[{"id":8837,"href":"https:\/\/sinservregional.com.br\/site\/index.php?rest_route=\/wp\/v2\/posts\/8835\/revisions\/8837"}],"wp:featuredmedia":[{"embeddable":true,"href":"https:\/\/sinservregional.com.br\/site\/index.php?rest_route=\/wp\/v2\/media\/8836"}],"wp:attachment":[{"href":"https:\/\/sinservregional.com.br\/site\/index.php?rest_route=%2Fwp%2Fv2%2Fmedia&parent=8835"}],"wp:term":[{"taxonomy":"category","embeddable":true,"href":"https:\/\/sinservregional.com.br\/site\/index.php?rest_route=%2Fwp%2Fv2%2Fcategories&post=8835"},{"taxonomy":"post_tag","embeddable":true,"href":"https:\/\/sinservregional.com.br\/site\/index.php?rest_route=%2Fwp%2Fv2%2Ftags&post=8835"}],"curies":[{"name":"wp","href":"https:\/\/api.w.org\/{rel}","templated":true}]}}