{"id":8552,"date":"2019-04-17T23:39:42","date_gmt":"2019-04-17T23:39:42","guid":{"rendered":"http:\/\/sinservregional.com.br\/site\/?p=8552"},"modified":"2019-04-17T23:40:25","modified_gmt":"2019-04-17T23:40:25","slug":"aviso-sobre-o-periodo-de-recesso-da-semana-santa","status":"publish","type":"post","link":"https:\/\/sinservregional.com.br\/site\/?p=8552","title":{"rendered":"Aviso sobre o per\u00edodo de recesso da Semana Santa 2019"},"content":{"rendered":"<p><a href=\"https:\/\/sinservregional.com.br\/site\/wp-content\/uploads\/2019\/04\/recesso_semana_santa_2019.jpg\"><img loading=\"lazy\" decoding=\"async\" class=\"alignnone size-large wp-image-8541\" src=\"https:\/\/sinservregional.com.br\/site\/wp-content\/uploads\/2019\/04\/recesso_semana_santa_2019-1024x1024.jpg\" alt=\"\" width=\"1024\" height=\"1024\" srcset=\"https:\/\/sinservregional.com.br\/site\/wp-content\/uploads\/2019\/04\/recesso_semana_santa_2019-1024x1024.jpg 1024w, https:\/\/sinservregional.com.br\/site\/wp-content\/uploads\/2019\/04\/recesso_semana_santa_2019-150x150.jpg 150w, https:\/\/sinservregional.com.br\/site\/wp-content\/uploads\/2019\/04\/recesso_semana_santa_2019-300x300.jpg 300w, https:\/\/sinservregional.com.br\/site\/wp-content\/uploads\/2019\/04\/recesso_semana_santa_2019-768x768.jpg 768w, https:\/\/sinservregional.com.br\/site\/wp-content\/uploads\/2019\/04\/recesso_semana_santa_2019.jpg 2048w\" sizes=\"auto, (max-width: 1024px) 100vw, 1024px\" \/><\/a>Recesso da Semana Santa&#8230; Considerando o ponto facultativo no Munic\u00edpio de Jequi\u00e9 (18\/04), o SINSERV estar\u00e1 fechado desde amanh\u00e3, quinta-feira. O expediente retorna na segunda-feira (22) pela manh\u00e3.<\/p>\n","protected":false},"excerpt":{"rendered":"<p>Recesso da Semana Santa&#8230; Considerando o ponto facultativo no Munic\u00edpio de Jequi\u00e9 (18\/04), o SINSERV estar\u00e1 fechado desde amanh\u00e3, quinta-feira. O expediente retorna na segunda-feira (22) pela manh\u00e3.<\/p>\n","protected":false},"author":1,"featured_media":8541,"comment_status":"open","ping_status":"open","sticky":false,"template":"","format":"standard","meta":{"footnotes":""},"categories":[22,18,15],"tags":[],"class_list":["post-8552","post","type-post","status-publish","format-standard","has-post-thumbnail","hentry","category-destaques","category-c37-eventos","category-c34-gerais"],"_links":{"self":[{"href":"https:\/\/sinservregional.com.br\/site\/index.php?rest_route=\/wp\/v2\/posts\/8552","targetHints":{"allow":["GET"]}}],"collection":[{"href":"https:\/\/sinservregional.com.br\/site\/index.php?rest_route=\/wp\/v2\/posts"}],"about":[{"href":"https:\/\/sinservregional.com.br\/site\/index.php?rest_route=\/wp\/v2\/types\/post"}],"author":[{"embeddable":true,"href":"https:\/\/sinservregional.com.br\/site\/index.php?rest_route=\/wp\/v2\/users\/1"}],"replies":[{"embeddable":true,"href":"https:\/\/sinservregional.com.br\/site\/index.php?rest_route=%2Fwp%2Fv2%2Fcomments&post=8552"}],"version-history":[{"count":2,"href":"https:\/\/sinservregional.com.br\/site\/index.php?rest_route=\/wp\/v2\/posts\/8552\/revisions"}],"predecessor-version":[{"id":8554,"href":"https:\/\/sinservregional.com.br\/site\/index.php?rest_route=\/wp\/v2\/posts\/8552\/revisions\/8554"}],"wp:featuredmedia":[{"embeddable":true,"href":"https:\/\/sinservregional.com.br\/site\/index.php?rest_route=\/wp\/v2\/media\/8541"}],"wp:attachment":[{"href":"https:\/\/sinservregional.com.br\/site\/index.php?rest_route=%2Fwp%2Fv2%2Fmedia&parent=8552"}],"wp:term":[{"taxonomy":"category","embeddable":true,"href":"https:\/\/sinservregional.com.br\/site\/index.php?rest_route=%2Fwp%2Fv2%2Fcategories&post=8552"},{"taxonomy":"post_tag","embeddable":true,"href":"https:\/\/sinservregional.com.br\/site\/index.php?rest_route=%2Fwp%2Fv2%2Ftags&post=8552"}],"curies":[{"name":"wp","href":"https:\/\/api.w.org\/{rel}","templated":true}]}}