{"id":7757,"date":"2018-03-02T20:50:01","date_gmt":"2018-03-02T20:50:01","guid":{"rendered":"http:\/\/sinservregional.com.br\/site\/?p=7757"},"modified":"2018-03-02T20:50:45","modified_gmt":"2018-03-02T20:50:45","slug":"sinserv-convoca-assembleia-sobre-o-pagamento-do-pmaq","status":"publish","type":"post","link":"https:\/\/sinservregional.com.br\/site\/?p=7757","title":{"rendered":"SINSERV convoca assembleia para tratar sobre o pagamento do PMAQ"},"content":{"rendered":"<p><a href=\"https:\/\/sinservregional.com.br\/site\/wp-content\/uploads\/2018\/03\/pmaq.jpg\"><img loading=\"lazy\" decoding=\"async\" class=\"alignnone size-full wp-image-7758\" src=\"https:\/\/sinservregional.com.br\/site\/wp-content\/uploads\/2018\/03\/pmaq.jpg\" alt=\"\" width=\"960\" height=\"960\" srcset=\"https:\/\/sinservregional.com.br\/site\/wp-content\/uploads\/2018\/03\/pmaq.jpg 960w, https:\/\/sinservregional.com.br\/site\/wp-content\/uploads\/2018\/03\/pmaq-150x150.jpg 150w, https:\/\/sinservregional.com.br\/site\/wp-content\/uploads\/2018\/03\/pmaq-300x300.jpg 300w, https:\/\/sinservregional.com.br\/site\/wp-content\/uploads\/2018\/03\/pmaq-768x768.jpg 768w\" sizes=\"auto, (max-width: 960px) 100vw, 960px\" \/><\/a><\/p>\n<p>O SINSERV convoca os servidores municipais de Jequi\u00e9, que trabalham na Estrat\u00e9gia de Sa\u00fade da fam\u00edlia, para uma assembleia sobre o pagamento do PMAQ.<\/p>\n<p>Segunda-feira (05\/03), \u00e0s 08 horas, Casa da Cultura Pac\u00edfico Ribeiro (pr\u00f3xima ao JTC).<\/p>\n","protected":false},"excerpt":{"rendered":"<p>O SINSERV convoca os servidores municipais de Jequi\u00e9, que trabalham na Estrat\u00e9gia de Sa\u00fade da fam\u00edlia, para uma assembleia sobre o pagamento do PMAQ. Segunda-feira (05\/03), \u00e0s 08 horas, Casa da Cultura Pac\u00edfico Ribeiro (pr\u00f3xima ao JTC).<\/p>\n","protected":false},"author":1,"featured_media":7758,"comment_status":"open","ping_status":"open","sticky":false,"template":"","format":"standard","meta":{"footnotes":""},"categories":[22,15],"tags":[],"class_list":["post-7757","post","type-post","status-publish","format-standard","has-post-thumbnail","hentry","category-destaques","category-c34-gerais"],"_links":{"self":[{"href":"https:\/\/sinservregional.com.br\/site\/index.php?rest_route=\/wp\/v2\/posts\/7757","targetHints":{"allow":["GET"]}}],"collection":[{"href":"https:\/\/sinservregional.com.br\/site\/index.php?rest_route=\/wp\/v2\/posts"}],"about":[{"href":"https:\/\/sinservregional.com.br\/site\/index.php?rest_route=\/wp\/v2\/types\/post"}],"author":[{"embeddable":true,"href":"https:\/\/sinservregional.com.br\/site\/index.php?rest_route=\/wp\/v2\/users\/1"}],"replies":[{"embeddable":true,"href":"https:\/\/sinservregional.com.br\/site\/index.php?rest_route=%2Fwp%2Fv2%2Fcomments&post=7757"}],"version-history":[{"count":2,"href":"https:\/\/sinservregional.com.br\/site\/index.php?rest_route=\/wp\/v2\/posts\/7757\/revisions"}],"predecessor-version":[{"id":7760,"href":"https:\/\/sinservregional.com.br\/site\/index.php?rest_route=\/wp\/v2\/posts\/7757\/revisions\/7760"}],"wp:featuredmedia":[{"embeddable":true,"href":"https:\/\/sinservregional.com.br\/site\/index.php?rest_route=\/wp\/v2\/media\/7758"}],"wp:attachment":[{"href":"https:\/\/sinservregional.com.br\/site\/index.php?rest_route=%2Fwp%2Fv2%2Fmedia&parent=7757"}],"wp:term":[{"taxonomy":"category","embeddable":true,"href":"https:\/\/sinservregional.com.br\/site\/index.php?rest_route=%2Fwp%2Fv2%2Fcategories&post=7757"},{"taxonomy":"post_tag","embeddable":true,"href":"https:\/\/sinservregional.com.br\/site\/index.php?rest_route=%2Fwp%2Fv2%2Ftags&post=7757"}],"curies":[{"name":"wp","href":"https:\/\/api.w.org\/{rel}","templated":true}]}}