{"id":7548,"date":"2017-11-29T19:28:52","date_gmt":"2017-11-29T19:28:52","guid":{"rendered":"http:\/\/sinservregional.com.br\/site\/?p=7548"},"modified":"2017-11-30T12:41:26","modified_gmt":"2017-11-30T12:41:26","slug":"convocacao-para-a-assembleia-de-prestacao-de-contas-do-sindicato","status":"publish","type":"post","link":"https:\/\/sinservregional.com.br\/site\/?p=7548","title":{"rendered":"Convoca\u00e7\u00e3o para a assembleia de presta\u00e7\u00e3o de contas do sindicato"},"content":{"rendered":"<p><a href=\"https:\/\/sinservregional.com.br\/site\/wp-content\/uploads\/2017\/11\/presta\u00e7\u00e3o_contas.jpg\"><img loading=\"lazy\" decoding=\"async\" class=\"alignnone size-large wp-image-7549\" src=\"https:\/\/sinservregional.com.br\/site\/wp-content\/uploads\/2017\/11\/presta\u00e7\u00e3o_contas-1024x1024.jpg\" alt=\"\" width=\"1024\" height=\"1024\" srcset=\"https:\/\/sinservregional.com.br\/site\/wp-content\/uploads\/2017\/11\/presta\u00e7\u00e3o_contas-1024x1024.jpg 1024w, https:\/\/sinservregional.com.br\/site\/wp-content\/uploads\/2017\/11\/presta\u00e7\u00e3o_contas-150x150.jpg 150w, https:\/\/sinservregional.com.br\/site\/wp-content\/uploads\/2017\/11\/presta\u00e7\u00e3o_contas-300x300.jpg 300w, https:\/\/sinservregional.com.br\/site\/wp-content\/uploads\/2017\/11\/presta\u00e7\u00e3o_contas-768x768.jpg 768w, https:\/\/sinservregional.com.br\/site\/wp-content\/uploads\/2017\/11\/presta\u00e7\u00e3o_contas.jpg 2048w\" sizes=\"auto, (max-width: 1024px) 100vw, 1024px\" \/><\/a>O SINSERV convoca seu quadro de associados para uma assembleia de presta\u00e7\u00e3o de contas da entidade, referente ao per\u00edodo 2016.<\/p>\n<p>04\/12 (segunda-feira), \u00e0s 14 horas, no Audit\u00f3rio do Sindicato dos Banc\u00e1rios\/Jequi\u00e9.<\/p>\n","protected":false},"excerpt":{"rendered":"<p>O SINSERV convoca seu quadro de associados para uma assembleia de presta\u00e7\u00e3o de contas da entidade, referente ao per\u00edodo 2016. 04\/12 (segunda-feira), \u00e0s 14 horas, no Audit\u00f3rio do Sindicato dos Banc\u00e1rios\/Jequi\u00e9.<\/p>\n","protected":false},"author":1,"featured_media":7549,"comment_status":"open","ping_status":"open","sticky":false,"template":"","format":"standard","meta":{"footnotes":""},"categories":[22,18,15],"tags":[],"class_list":["post-7548","post","type-post","status-publish","format-standard","has-post-thumbnail","hentry","category-destaques","category-c37-eventos","category-c34-gerais"],"_links":{"self":[{"href":"https:\/\/sinservregional.com.br\/site\/index.php?rest_route=\/wp\/v2\/posts\/7548","targetHints":{"allow":["GET"]}}],"collection":[{"href":"https:\/\/sinservregional.com.br\/site\/index.php?rest_route=\/wp\/v2\/posts"}],"about":[{"href":"https:\/\/sinservregional.com.br\/site\/index.php?rest_route=\/wp\/v2\/types\/post"}],"author":[{"embeddable":true,"href":"https:\/\/sinservregional.com.br\/site\/index.php?rest_route=\/wp\/v2\/users\/1"}],"replies":[{"embeddable":true,"href":"https:\/\/sinservregional.com.br\/site\/index.php?rest_route=%2Fwp%2Fv2%2Fcomments&post=7548"}],"version-history":[{"count":1,"href":"https:\/\/sinservregional.com.br\/site\/index.php?rest_route=\/wp\/v2\/posts\/7548\/revisions"}],"predecessor-version":[{"id":7550,"href":"https:\/\/sinservregional.com.br\/site\/index.php?rest_route=\/wp\/v2\/posts\/7548\/revisions\/7550"}],"wp:featuredmedia":[{"embeddable":true,"href":"https:\/\/sinservregional.com.br\/site\/index.php?rest_route=\/wp\/v2\/media\/7549"}],"wp:attachment":[{"href":"https:\/\/sinservregional.com.br\/site\/index.php?rest_route=%2Fwp%2Fv2%2Fmedia&parent=7548"}],"wp:term":[{"taxonomy":"category","embeddable":true,"href":"https:\/\/sinservregional.com.br\/site\/index.php?rest_route=%2Fwp%2Fv2%2Fcategories&post=7548"},{"taxonomy":"post_tag","embeddable":true,"href":"https:\/\/sinservregional.com.br\/site\/index.php?rest_route=%2Fwp%2Fv2%2Ftags&post=7548"}],"curies":[{"name":"wp","href":"https:\/\/api.w.org\/{rel}","templated":true}]}}