{"id":7541,"date":"2017-11-27T16:22:13","date_gmt":"2017-11-27T16:22:13","guid":{"rendered":"http:\/\/sinservregional.com.br\/site\/?p=7541"},"modified":"2017-11-30T12:41:53","modified_gmt":"2017-11-30T12:41:53","slug":"sinserv-convoca-categoria-para-assembleia-geral-3011","status":"publish","type":"post","link":"https:\/\/sinservregional.com.br\/site\/?p=7541","title":{"rendered":"SINSERV convoca categoria para assembleia geral &#8211; 30\/11"},"content":{"rendered":"<p><a href=\"https:\/\/sinservregional.com.br\/site\/wp-content\/uploads\/2017\/11\/convoca\u00e7\u00e3o_asseM_geral-1.jpg\"><img loading=\"lazy\" decoding=\"async\" class=\"alignnone size-large wp-image-7546\" src=\"https:\/\/sinservregional.com.br\/site\/wp-content\/uploads\/2017\/11\/convoca\u00e7\u00e3o_asseM_geral-1-1024x1024.jpg\" alt=\"\" width=\"1024\" height=\"1024\" srcset=\"https:\/\/sinservregional.com.br\/site\/wp-content\/uploads\/2017\/11\/convoca\u00e7\u00e3o_asseM_geral-1-1024x1024.jpg 1024w, https:\/\/sinservregional.com.br\/site\/wp-content\/uploads\/2017\/11\/convoca\u00e7\u00e3o_asseM_geral-1-150x150.jpg 150w, https:\/\/sinservregional.com.br\/site\/wp-content\/uploads\/2017\/11\/convoca\u00e7\u00e3o_asseM_geral-1-300x300.jpg 300w, https:\/\/sinservregional.com.br\/site\/wp-content\/uploads\/2017\/11\/convoca\u00e7\u00e3o_asseM_geral-1-768x768.jpg 768w, https:\/\/sinservregional.com.br\/site\/wp-content\/uploads\/2017\/11\/convoca\u00e7\u00e3o_asseM_geral-1.jpg 2048w\" sizes=\"auto, (max-width: 1024px) 100vw, 1024px\" \/><\/a>O SINSERV convoca a categoria para uma assembleia geral a ser realizada na C\u00e2mara Municipal de Vereadores de Jequi\u00e9. Pauta: situa\u00e7\u00e3o do pagamento do sal\u00e1rio e do 13\u00ba, ades\u00e3o \u00e0 greve geral e o que ocorrer.<br \/>\nData: 30\/11\/17 (quinta-feira), \u00e0s 14 horas.<\/p>\n","protected":false},"excerpt":{"rendered":"<p>O SINSERV convoca a categoria para uma assembleia geral a ser realizada na C\u00e2mara Municipal de Vereadores de Jequi\u00e9. Pauta: situa\u00e7\u00e3o do pagamento do sal\u00e1rio e do 13\u00ba, ades\u00e3o \u00e0 greve geral e o que ocorrer. Data: 30\/11\/17 (quinta-feira), \u00e0s 14 horas.<\/p>\n","protected":false},"author":1,"featured_media":7546,"comment_status":"open","ping_status":"open","sticky":false,"template":"","format":"standard","meta":{"footnotes":""},"categories":[22,18,15],"tags":[],"class_list":["post-7541","post","type-post","status-publish","format-standard","has-post-thumbnail","hentry","category-destaques","category-c37-eventos","category-c34-gerais"],"_links":{"self":[{"href":"https:\/\/sinservregional.com.br\/site\/index.php?rest_route=\/wp\/v2\/posts\/7541","targetHints":{"allow":["GET"]}}],"collection":[{"href":"https:\/\/sinservregional.com.br\/site\/index.php?rest_route=\/wp\/v2\/posts"}],"about":[{"href":"https:\/\/sinservregional.com.br\/site\/index.php?rest_route=\/wp\/v2\/types\/post"}],"author":[{"embeddable":true,"href":"https:\/\/sinservregional.com.br\/site\/index.php?rest_route=\/wp\/v2\/users\/1"}],"replies":[{"embeddable":true,"href":"https:\/\/sinservregional.com.br\/site\/index.php?rest_route=%2Fwp%2Fv2%2Fcomments&post=7541"}],"version-history":[{"count":2,"href":"https:\/\/sinservregional.com.br\/site\/index.php?rest_route=\/wp\/v2\/posts\/7541\/revisions"}],"predecessor-version":[{"id":7547,"href":"https:\/\/sinservregional.com.br\/site\/index.php?rest_route=\/wp\/v2\/posts\/7541\/revisions\/7547"}],"wp:featuredmedia":[{"embeddable":true,"href":"https:\/\/sinservregional.com.br\/site\/index.php?rest_route=\/wp\/v2\/media\/7546"}],"wp:attachment":[{"href":"https:\/\/sinservregional.com.br\/site\/index.php?rest_route=%2Fwp%2Fv2%2Fmedia&parent=7541"}],"wp:term":[{"taxonomy":"category","embeddable":true,"href":"https:\/\/sinservregional.com.br\/site\/index.php?rest_route=%2Fwp%2Fv2%2Fcategories&post=7541"},{"taxonomy":"post_tag","embeddable":true,"href":"https:\/\/sinservregional.com.br\/site\/index.php?rest_route=%2Fwp%2Fv2%2Ftags&post=7541"}],"curies":[{"name":"wp","href":"https:\/\/api.w.org\/{rel}","templated":true}]}}