{"id":5861,"date":"2016-11-20T13:36:33","date_gmt":"2016-11-20T13:36:33","guid":{"rendered":"http:\/\/sinservregional.com.br\/site\/?p=5861"},"modified":"2016-11-20T13:37:50","modified_gmt":"2016-11-20T13:37:50","slug":"dia-da-consciencia-negra-e-celebrado-em-jequie-evento-e-realizado-pelo-odeereuesb-e-acontece-no-museu","status":"publish","type":"post","link":"https:\/\/sinservregional.com.br\/site\/?p=5861","title":{"rendered":"Dia da Consci\u00eancia Negra \u00e9 celebrada em Jequi\u00e9, evento \u00e9 realizado pelo ODEERE\/UESB e acontece no Museu"},"content":{"rendered":"<p><a href=\"https:\/\/sinservregional.com.br\/site\/wp-content\/uploads\/2016\/11\/11-negra.jpg\"><img loading=\"lazy\" decoding=\"async\" class=\"alignnone size-large wp-image-5862\" src=\"https:\/\/sinservregional.com.br\/site\/wp-content\/uploads\/2016\/11\/11-negra-1024x1024.jpg\" alt=\"Archivo base\" width=\"1024\" height=\"1024\" srcset=\"https:\/\/sinservregional.com.br\/site\/wp-content\/uploads\/2016\/11\/11-negra-1024x1024.jpg 1024w, https:\/\/sinservregional.com.br\/site\/wp-content\/uploads\/2016\/11\/11-negra-150x150.jpg 150w, https:\/\/sinservregional.com.br\/site\/wp-content\/uploads\/2016\/11\/11-negra-300x300.jpg 300w\" sizes=\"auto, (max-width: 1024px) 100vw, 1024px\" \/><\/a>O SINSERV parabeniza a popula\u00e7\u00e3o e aos movimentos negros pela data de hoje (20\/11), Dia da Consci\u00eancia Negra.<\/p>\n<p>Aqui em Jequi\u00e9 a celebra\u00e7\u00e3o acontece pela Semana da Perten\u00e7a Afro-Brasileira atrav\u00e9s do ODEERE\/UESB. Devido a ocupa\u00e7\u00e3o da UESB, o evento est\u00e1 sendo realizado no Museu Hist\u00f3rico de Jequi\u00e9 e termina no final da tarde de hoje (20).<\/p>\n<p>Em entrevista \u00e0 Jequi\u00e9 FM, o Prof. Dr. Edson Dias Ferreira, um dos organizadores do evento, falou sobre o 20 de novembro.<\/p>\n<div class=\"text_exposed_show\">\n<p>Para ele existem dois aspectos importantes nessa data: a descriminaliza\u00e7\u00e3o de um ato de resist\u00eancia pelo reconhecimento da luta do negro e de v\u00e1rias etnias pela figura de Zumbi dos Palmares; o Brasil se lembrar que a sociedade n\u00e3o foi feita apenas de um grupo que det\u00e9m o poder, mas de v\u00e1rios seguimentos que, via de regra, nem sempre est\u00e3o representados nos espa\u00e7os de comandos do pa\u00eds&#8230;<\/p>\n<p>Confirma trecho da <a href=\"http:\/\/jequieeregiao.com.br\/site\/2016\/11\/19\/com-a-uesb-ocupada-semana-da-pertenca-e-realizada-no-museu\/\" target=\"_blank\">entrevista neste link<\/a>.<\/p>\n<\/div>\n","protected":false},"excerpt":{"rendered":"<p>O SINSERV parabeniza a popula\u00e7\u00e3o e aos movimentos negros pela data de hoje (20\/11), Dia da Consci\u00eancia Negra. Aqui em Jequi\u00e9 a celebra\u00e7\u00e3o acontece pela Semana da Perten\u00e7a Afro-Brasileira atrav\u00e9s do ODEERE\/UESB. Devido a ocupa\u00e7\u00e3o da UESB, o evento est\u00e1 sendo realizado no Museu Hist\u00f3rico de Jequi\u00e9 e termina no final da tarde de hoje &hellip; <\/p>\n","protected":false},"author":1,"featured_media":5862,"comment_status":"open","ping_status":"open","sticky":false,"template":"","format":"standard","meta":{"footnotes":""},"categories":[22,18,15],"tags":[],"class_list":["post-5861","post","type-post","status-publish","format-standard","has-post-thumbnail","hentry","category-destaques","category-c37-eventos","category-c34-gerais"],"_links":{"self":[{"href":"https:\/\/sinservregional.com.br\/site\/index.php?rest_route=\/wp\/v2\/posts\/5861","targetHints":{"allow":["GET"]}}],"collection":[{"href":"https:\/\/sinservregional.com.br\/site\/index.php?rest_route=\/wp\/v2\/posts"}],"about":[{"href":"https:\/\/sinservregional.com.br\/site\/index.php?rest_route=\/wp\/v2\/types\/post"}],"author":[{"embeddable":true,"href":"https:\/\/sinservregional.com.br\/site\/index.php?rest_route=\/wp\/v2\/users\/1"}],"replies":[{"embeddable":true,"href":"https:\/\/sinservregional.com.br\/site\/index.php?rest_route=%2Fwp%2Fv2%2Fcomments&post=5861"}],"version-history":[{"count":3,"href":"https:\/\/sinservregional.com.br\/site\/index.php?rest_route=\/wp\/v2\/posts\/5861\/revisions"}],"predecessor-version":[{"id":5865,"href":"https:\/\/sinservregional.com.br\/site\/index.php?rest_route=\/wp\/v2\/posts\/5861\/revisions\/5865"}],"wp:featuredmedia":[{"embeddable":true,"href":"https:\/\/sinservregional.com.br\/site\/index.php?rest_route=\/wp\/v2\/media\/5862"}],"wp:attachment":[{"href":"https:\/\/sinservregional.com.br\/site\/index.php?rest_route=%2Fwp%2Fv2%2Fmedia&parent=5861"}],"wp:term":[{"taxonomy":"category","embeddable":true,"href":"https:\/\/sinservregional.com.br\/site\/index.php?rest_route=%2Fwp%2Fv2%2Fcategories&post=5861"},{"taxonomy":"post_tag","embeddable":true,"href":"https:\/\/sinservregional.com.br\/site\/index.php?rest_route=%2Fwp%2Fv2%2Ftags&post=5861"}],"curies":[{"name":"wp","href":"https:\/\/api.w.org\/{rel}","templated":true}]}}