{"id":57,"date":"2009-05-08T13:47:32","date_gmt":"2009-05-08T13:47:32","guid":{"rendered":"http:\/\/sinservregional.com.br\/site\/?p=57"},"modified":"2009-05-08T13:47:32","modified_gmt":"2009-05-08T13:47:32","slug":"feira-de-artesanato","status":"publish","type":"post","link":"https:\/\/sinservregional.com.br\/site\/?p=57","title":{"rendered":"Feira de artesanato"},"content":{"rendered":"<p><span style=\"font-family: 'Verdana','sans-serif'\"><\/span><span style=\"font-family: 'Verdana','sans-serif'\"><font size=\"3\"><font color=\"#000000\"><span><\/p>\n<div style=\"text-align: center\"><span style=\"line-height: 115%; font-family: 'Verdana','sans-serif'; font-size: 10pt\"><img decoding=\"async\" class=\" size-full wp-image-54\" src=\"https:\/\/sinservregional.com.br\/site\/wp-content\/uploads\/2009\/05\/p1010195.jpg\" border=\"0\" width=\"400\" srcset=\"https:\/\/sinservregional.com.br\/site\/wp-content\/uploads\/2009\/05\/p1010195.jpg 3072w, https:\/\/sinservregional.com.br\/site\/wp-content\/uploads\/2009\/05\/p1010195-300x225.jpg 300w, https:\/\/sinservregional.com.br\/site\/wp-content\/uploads\/2009\/05\/p1010195-1024x768.jpg 1024w\" sizes=\"(max-width: 3072px) 100vw, 3072px\" \/><\/span><\/div>\n<p align=\"justify\"><span style=\"line-height: 115%; font-family: 'Verdana','sans-serif'; font-size: 10pt\">A Pra\u00e7a Ruy Barbosa amanheceu mais linda e colorida com a bel\u00edssima feira de artesanato promovida pela Associa\u00e7\u00e3o dos Artes\u00f5es de Jequi\u00e9!<span>\u00a0 <\/span>Produtos feitos dos mais diversos materiais e para os mais diversificados fins, est\u00e3o sendo comercializados a pre\u00e7os baix\u00edssimos. A feira estar\u00e1 sendo realizada do dia 7 ao dia 10 de maio do corrente <\/span><span style=\"line-height: 115%; font-family: 'Verdana','sans-serif'; font-size: 10pt\">ano, n\u00e3o percam.<\/span><\/p>\n<p align=\"justify\"><span style=\"line-height: 115%; font-family: 'Verdana','sans-serif'; font-size: 10pt\"><span style=\"line-height: 115%; font-family: 'Verdana','sans-serif'; font-size: 10pt\"><\/p>\n<div style=\"text-align: center\"><img decoding=\"async\" class=\" size-full wp-image-55\" src=\"https:\/\/sinservregional.com.br\/site\/wp-content\/uploads\/2009\/05\/p1010194.jpg\" border=\"0\" width=\"400\" srcset=\"https:\/\/sinservregional.com.br\/site\/wp-content\/uploads\/2009\/05\/p1010194.jpg 450w, https:\/\/sinservregional.com.br\/site\/wp-content\/uploads\/2009\/05\/p1010194-300x187.jpg 300w\" sizes=\"(max-width: 450px) 100vw, 450px\" \/><\/div>\n<p><span style=\"line-height: 115%; font-family: 'Verdana','sans-serif'; font-size: 10pt\"><\/p>\n<div style=\"text-align: center\"><img decoding=\"async\" class=\" size-full wp-image-56\" src=\"https:\/\/sinservregional.com.br\/site\/wp-content\/uploads\/2009\/05\/p1010196.jpg\" border=\"0\" width=\"400\" srcset=\"https:\/\/sinservregional.com.br\/site\/wp-content\/uploads\/2009\/05\/p1010196.jpg 3072w, https:\/\/sinservregional.com.br\/site\/wp-content\/uploads\/2009\/05\/p1010196-300x225.jpg 300w, https:\/\/sinservregional.com.br\/site\/wp-content\/uploads\/2009\/05\/p1010196-1024x768.jpg 1024w\" sizes=\"(max-width: 3072px) 100vw, 3072px\" \/><\/div>\n<p><\/span><\/span><\/span><\/p>\n<p align=\"justify\">\u00a0<\/p>\n<p><span style=\"line-height: 115%; font-family: 'Verdana','sans-serif'; font-size: 10pt\"><span>\u00a0\u00a0\u00a0\u00a0\u00a0\u00a0<\/span><\/span><span style=\"line-height: 115%; font-family: 'Verdana','sans-serif'; font-size: 10pt\">\u00a0<\/span><span style=\"line-height: 115%; font-family: 'Verdana','sans-serif'; font-size: 10pt\"> <\/p>\n<p style=\"text-align: center\">\u00a0<\/p>\n<p style=\"text-align: center\">\u00a0<\/p>\n<p style=\"text-align: center\">\u00a0<\/p>\n<p><\/span><\/span><\/font><\/font><\/span><\/p>\n","protected":false},"excerpt":{"rendered":"<p>A Pra\u00e7a Ruy Barbosa amanheceu mais linda e colorida com a bel\u00edssima feira de artesanato promovida pela Associa\u00e7\u00e3o dos Artes\u00f5es de Jequi\u00e9!\u00a0 Produtos feitos dos mais diversos materiais e para os mais diversificados fins, est\u00e3o sendo comercializados a pre\u00e7os baix\u00edssimos. A feira estar\u00e1 sendo realizada do dia 7 ao dia 10 de maio do corrente &hellip; <\/p>\n","protected":false},"author":1,"featured_media":54,"comment_status":"open","ping_status":"open","sticky":false,"template":"","format":"standard","meta":{"footnotes":""},"categories":[15],"tags":[],"class_list":["post-57","post","type-post","status-publish","format-standard","has-post-thumbnail","hentry","category-c34-gerais"],"_links":{"self":[{"href":"https:\/\/sinservregional.com.br\/site\/index.php?rest_route=\/wp\/v2\/posts\/57","targetHints":{"allow":["GET"]}}],"collection":[{"href":"https:\/\/sinservregional.com.br\/site\/index.php?rest_route=\/wp\/v2\/posts"}],"about":[{"href":"https:\/\/sinservregional.com.br\/site\/index.php?rest_route=\/wp\/v2\/types\/post"}],"author":[{"embeddable":true,"href":"https:\/\/sinservregional.com.br\/site\/index.php?rest_route=\/wp\/v2\/users\/1"}],"replies":[{"embeddable":true,"href":"https:\/\/sinservregional.com.br\/site\/index.php?rest_route=%2Fwp%2Fv2%2Fcomments&post=57"}],"version-history":[{"count":0,"href":"https:\/\/sinservregional.com.br\/site\/index.php?rest_route=\/wp\/v2\/posts\/57\/revisions"}],"wp:featuredmedia":[{"embeddable":true,"href":"https:\/\/sinservregional.com.br\/site\/index.php?rest_route=\/wp\/v2\/media\/54"}],"wp:attachment":[{"href":"https:\/\/sinservregional.com.br\/site\/index.php?rest_route=%2Fwp%2Fv2%2Fmedia&parent=57"}],"wp:term":[{"taxonomy":"category","embeddable":true,"href":"https:\/\/sinservregional.com.br\/site\/index.php?rest_route=%2Fwp%2Fv2%2Fcategories&post=57"},{"taxonomy":"post_tag","embeddable":true,"href":"https:\/\/sinservregional.com.br\/site\/index.php?rest_route=%2Fwp%2Fv2%2Ftags&post=57"}],"curies":[{"name":"wp","href":"https:\/\/api.w.org\/{rel}","templated":true}]}}