{"id":537,"date":"2010-01-21T12:19:36","date_gmt":"2010-01-21T12:19:36","guid":{"rendered":"http:\/\/sinservregional.com.br\/site\/?p=537"},"modified":"2010-01-21T12:19:36","modified_gmt":"2010-01-21T12:19:36","slug":"merenda-e-transporte-escolar-tem-reajuste-para-2010","status":"publish","type":"post","link":"https:\/\/sinservregional.com.br\/site\/?p=537","title":{"rendered":"Merenda e transporte escolar t\u00eam reajuste para 2010"},"content":{"rendered":"<p><font color=\"#000000\"><\/font><font color=\"#000000\"><span style=\"font-size: 10pt; font-family: 'Verdana','sans-serif'\"><\/p>\n<div style=\"text-align: center\"><img loading=\"lazy\" decoding=\"async\" class=\" size-full wp-image-536\" src=\"https:\/\/sinservregional.com.br\/site\/wp-content\/uploads\/2010\/01\/00111.jpg\" border=\"0\" width=\"450\" height=\"300\" srcset=\"https:\/\/sinservregional.com.br\/site\/wp-content\/uploads\/2010\/01\/00111.jpg 450w, https:\/\/sinservregional.com.br\/site\/wp-content\/uploads\/2010\/01\/00111-300x200.jpg 300w\" sizes=\"auto, (max-width: 450px) 100vw, 450px\" \/><\/div>\n<p align=\"justify\"><font color=\"#000000\"><span style=\"font-size: 10pt; font-family: 'Verdana','sans-serif'\">Os recursos federais do Programa Nacional de Alimenta\u00e7\u00e3o Escolar (Pnae) e do Programa Nacional do Transporte Escolar (Pnate) ser\u00e3o reajustados em 37% a partir do ano que vem. O an\u00fancio foi feito nesta segunda-feira, 28, pelo ministro da Educa\u00e7\u00e3o, Fernando Haddad. Executados pelo Fundo Nacional de Desenvolvimento da Educa\u00e7\u00e3o, ambos os programas repassaram cerca de R$ 2,67 bilh\u00f5es a estados e munic\u00edpios em 2009. <\/span><\/font><\/p>\n<p><\/span><\/font><\/p>\n<p align=\"justify\"><font color=\"#000000\"><span style=\"font-size: 10pt; font-family: 'Verdana','sans-serif'\">Com o aumento, a previs\u00e3o para 2010 \u00e9 de que o montante atinja R$ 3,65 bilh\u00f5es, sendo R$ 3 bilh\u00f5es para o Pnae e R$ 650 milh\u00f5es para o Pnate.<\/span><\/font><font color=\"#000000\"><span style=\"font-size: 10pt; font-family: 'Verdana','sans-serif'\">Segundo o ministro, a medida servir\u00e1 para recompor o poder de compra de alimentos para as escolas no caso da merenda, que n\u00e3o tinha reajuste desde 2006. J\u00e1 para o transporte, o aumento dos valores vai beneficiar os munic\u00edpios mais pobres, com mais matr\u00edculas de alunos do campo.<\/span><\/font><font color=\"#000000\"><strong><span style=\"font-size: 10pt; font-family: 'Verdana','sans-serif'\">Novos valores<\/span><\/strong><span style=\"font-size: 10pt; font-family: 'Verdana','sans-serif'\"> &#8211; O c\u00e1lculo para repasse do dinheiro da merenda a estados e <\/span><strong><span style=\"font-size: 10pt; font-family: 'Verdana','sans-serif'\">munic\u00edpios subiu de R$ 0,22 para R$ 0,30<\/span><\/strong><span style=\"font-size: 10pt; font-family: 'Verdana','sans-serif'\"> <\/span><strong><span style=\"font-size: 10pt; font-family: 'Verdana','sans-serif'\">por dia para cada aluno matriculado<\/span><\/strong><span style=\"font-size: 10pt; font-family: 'Verdana','sans-serif'\"> <\/span><strong><span style=\"font-size: 10pt; font-family: 'Verdana','sans-serif'\">em turmas de pr\u00e9-escola, ensino fundamental, ensino m\u00e9dio e educa\u00e7\u00e3o de jovens e adultos<\/span><\/strong><span style=\"font-size: 10pt; font-family: 'Verdana','sans-serif'\">.<\/span><\/font><\/p>\n<p align=\"justify\"><font color=\"#000000\"><span style=\"font-size: 10pt; font-family: 'Verdana','sans-serif'\">\u00a0<\/span><strong><span style=\"font-size: 10pt; font-family: 'Verdana','sans-serif'\">As creches e as escolas ind\u00edgenas e quilombolas, que recebiam R$ 0,44, passar\u00e3o a contar com R$ 0,60. Por fim, as escolas que oferecem ensino integral por meio do programa Mais Educa\u00e7\u00e3o ter\u00e3o R$ 0,90 por dia. O Pnae beneficia cerca de 47 milh\u00f5es de estudantes da educa\u00e7\u00e3o b\u00e1sica.<\/span><\/strong><\/font> <\/p>\n<p style=\"margin: 0cm 0cm 10pt; line-height: normal; text-align: justify\" class=\"MsoNormal\" align=\"justify\"><font color=\"#000000\"><span style=\"font-size: 10pt; font-family: 'Verdana','sans-serif'\">Usados para manuten\u00e7\u00e3o da frota existente nos estados e munic\u00edpios, compra de combust\u00edvel ou mesmo terceiriza\u00e7\u00e3o do servi\u00e7o, <\/span><strong><span style=\"font-size: 10pt; font-family: 'Verdana','sans-serif'\">os recursos do transporte escolar passar\u00e3o dos atuais R$ 88 a R$ 125 por aluno ao ano para R$ 120 a R$ 172<\/span><\/strong><span style=\"font-size: 10pt; font-family: 'Verdana','sans-serif'\">. Em 2009, o programa chegou a cerca de 4,8 milh\u00f5es de estudantes da educa\u00e7\u00e3o infantil e dos ensinos fundamental e m\u00e9dio residentes na \u00e1rea rural. <\/span><\/font><\/p>\n<p style=\"margin: 0cm 0cm 10pt; line-height: normal; text-align: justify\" class=\"MsoNormal\" align=\"justify\"><font color=\"#000000\"><span style=\"font-size: 10pt; font-family: 'Verdana','sans-serif'\">(Fonte: Assessoria de Comunica\u00e7\u00e3o Social do FNDE)<\/span><\/font><\/p>\n<p align=\"justify\"><font color=\"#000000\"><\/font>\u00a0<span style=\"font-family: 'Verdana','sans-serif'\"><font size=\"3\" color=\"#000000\">\u00a0<\/font><\/span><\/p>\n","protected":false},"excerpt":{"rendered":"<p>Os recursos federais do Programa Nacional de Alimenta\u00e7\u00e3o Escolar (Pnae) e do Programa Nacional do Transporte Escolar (Pnate) ser\u00e3o reajustados em 37% a partir do ano que vem. O an\u00fancio foi feito nesta segunda-feira, 28, pelo ministro da Educa\u00e7\u00e3o, Fernando Haddad. Executados pelo Fundo Nacional de Desenvolvimento da Educa\u00e7\u00e3o, ambos os programas repassaram cerca de &hellip; <\/p>\n","protected":false},"author":1,"featured_media":536,"comment_status":"open","ping_status":"open","sticky":false,"template":"","format":"standard","meta":{"footnotes":""},"categories":[15],"tags":[],"class_list":["post-537","post","type-post","status-publish","format-standard","has-post-thumbnail","hentry","category-c34-gerais"],"_links":{"self":[{"href":"https:\/\/sinservregional.com.br\/site\/index.php?rest_route=\/wp\/v2\/posts\/537","targetHints":{"allow":["GET"]}}],"collection":[{"href":"https:\/\/sinservregional.com.br\/site\/index.php?rest_route=\/wp\/v2\/posts"}],"about":[{"href":"https:\/\/sinservregional.com.br\/site\/index.php?rest_route=\/wp\/v2\/types\/post"}],"author":[{"embeddable":true,"href":"https:\/\/sinservregional.com.br\/site\/index.php?rest_route=\/wp\/v2\/users\/1"}],"replies":[{"embeddable":true,"href":"https:\/\/sinservregional.com.br\/site\/index.php?rest_route=%2Fwp%2Fv2%2Fcomments&post=537"}],"version-history":[{"count":0,"href":"https:\/\/sinservregional.com.br\/site\/index.php?rest_route=\/wp\/v2\/posts\/537\/revisions"}],"wp:featuredmedia":[{"embeddable":true,"href":"https:\/\/sinservregional.com.br\/site\/index.php?rest_route=\/wp\/v2\/media\/536"}],"wp:attachment":[{"href":"https:\/\/sinservregional.com.br\/site\/index.php?rest_route=%2Fwp%2Fv2%2Fmedia&parent=537"}],"wp:term":[{"taxonomy":"category","embeddable":true,"href":"https:\/\/sinservregional.com.br\/site\/index.php?rest_route=%2Fwp%2Fv2%2Fcategories&post=537"},{"taxonomy":"post_tag","embeddable":true,"href":"https:\/\/sinservregional.com.br\/site\/index.php?rest_route=%2Fwp%2Fv2%2Ftags&post=537"}],"curies":[{"name":"wp","href":"https:\/\/api.w.org\/{rel}","templated":true}]}}