{"id":4729,"date":"2015-09-21T23:52:26","date_gmt":"2015-09-21T23:52:26","guid":{"rendered":"http:\/\/sinservregional.com.br\/site\/?p=4729"},"modified":"2017-07-25T19:00:39","modified_gmt":"2017-07-25T19:00:39","slug":"deflagada-a-greve-dos-servidores-publicos-municipais-de-jequie","status":"publish","type":"post","link":"https:\/\/sinservregional.com.br\/site\/?p=4729","title":{"rendered":"Servidores da base do SINSERV deflagram greve por tempo indeterminado em Jequi\u00e9"},"content":{"rendered":"<p><a href=\"https:\/\/sinservregional.com.br\/site\/wp-content\/uploads\/2015\/09\/IMG_6946.jpg\"><img loading=\"lazy\" decoding=\"async\" class=\"alignnone size-full wp-image-4732\" src=\"https:\/\/sinservregional.com.br\/site\/wp-content\/uploads\/2015\/09\/IMG_6946.jpg\" alt=\"IMG_6946\" width=\"1795\" height=\"1205\" srcset=\"https:\/\/sinservregional.com.br\/site\/wp-content\/uploads\/2015\/09\/IMG_6946.jpg 1795w, https:\/\/sinservregional.com.br\/site\/wp-content\/uploads\/2015\/09\/IMG_6946-300x200.jpg 300w, https:\/\/sinservregional.com.br\/site\/wp-content\/uploads\/2015\/09\/IMG_6946-1024x687.jpg 1024w\" sizes=\"auto, (max-width: 1795px) 100vw, 1795px\" \/><\/a><\/p>\n<p>Est\u00e1 deflagrada\u00a0\u00a0a greve dos servidores p\u00fablicos municipais de Jequi\u00e9. A delibera\u00e7\u00e3o saiu na tarde de hoje (21\/09), numa assembleia geral realizada no audit\u00f3rio do Sindicato dos Banc\u00e1rios, quando a categoria decidiu aprovar um movimento paredista por tempo indeterminado.<\/p>\n<p>O SINSERV tentou uma sa\u00edda com o executivo para resolver a situa\u00e7\u00e3o, mas n\u00e3o houve sucesso. Desde o in\u00edcio da manh\u00e3 a diretoria do sindicato esteve reunida com o Secret\u00e1rio do Governo, o Diretor do RH, a Secret\u00e1ria de Sa\u00fade e o Controlador do Munic\u00edpio para tentar negociar os cortes nos direitos trabalhista dos funcion\u00e1rios. A discuss\u00e3o avan\u00e7ou apenas na garantia do governo em tornar sem efeito os cortes nos adicionais de insalubridade e periculosidade. Isso at\u00e9 que seja formada uma per\u00edcia para emitir parecer t\u00e9cnico sobre a exist\u00eancia do direito ao benef\u00edcio.<\/p>\n<p>Por outro lado, foi informado que ainda continua suspenso o pagamento de hora extra, CET, RTI e di\u00e1ria, bem como o ter\u00e7o de f\u00e9rias. A aus\u00eancia de outros secret\u00e1rios na mesa de negocia\u00e7\u00e3o foi notada pelo SINSERV. Os debates deixaram claro que a autoriza\u00e7\u00e3o do corte nos direitos dos servidores pela Prefeita T\u00e2nia Brito foi uma atitude totalmente desnecess\u00e1ria e sem planejamento. Isso j\u00e1 que o funcionamento de grande parte dos servi\u00e7os p\u00fablico depende das gratifica\u00e7\u00f5es que foram suspensas.<\/p>\n<p>Logo, conclu\u00edmos que o executivo municipal n\u00e3o consegue formular, tampouco apresentar uma proposta concreta para resolver o problema do funcionalismo.<\/p>\n<p>Como o avan\u00e7o apenas em rela\u00e7\u00e3o \u00e0 insalubridade e periculosidade n\u00e3o contemplaram as reivindica\u00e7\u00f5es, os servidores entenderam que a \u00fanica sa\u00edda \u00e9 a greve. A partir de agora v\u00e1rios servi\u00e7os est\u00e3o paralisados, at\u00e9 que a Prefeita T\u00e2nia Brito resolva esse problema criado por ela.<\/p>\n<p>O SINSERV aprovou um planejamento das atividades grevistas, que se iniciar\u00e3o nessa ter\u00e7a-feira (22) a partir das 08:00 da manh\u00e3: Protocolo de uma peti\u00e7\u00e3o no Minist\u00e9rio P\u00fablico, requerendo o retorno dos direitos suspensos; Ato em frente \u00e0 Prefeitura Municipal de Jequi\u00e9 com a participa\u00e7\u00e3o de todos os servidores; Solicita\u00e7\u00e3o de reuni\u00e3o e apoio ao Conselho Municipal de Sa\u00fade; Reuni\u00e3o com a CTB; Participa\u00e7\u00e3o na sess\u00e3o na C\u00e2mara de Vereadores.<\/p>\n<p>Solicitamos \u00e0 categoria que esteja presente nesse ato fortalecendo as delibera\u00e7\u00f5es encaminhadas em assembleia.<\/p>\n<p><em>Texto e fotos: Antonio Argolo\/SINSERV<\/em><\/p>\n<p><a href=\"https:\/\/sinservregional.com.br\/site\/wp-content\/uploads\/2015\/09\/IMG_6937.jpg\"><img loading=\"lazy\" decoding=\"async\" class=\"alignnone size-full wp-image-4731\" src=\"https:\/\/sinservregional.com.br\/site\/wp-content\/uploads\/2015\/09\/IMG_6937.jpg\" alt=\"IMG_6937\" width=\"1795\" height=\"1205\" srcset=\"https:\/\/sinservregional.com.br\/site\/wp-content\/uploads\/2015\/09\/IMG_6937.jpg 1795w, https:\/\/sinservregional.com.br\/site\/wp-content\/uploads\/2015\/09\/IMG_6937-300x200.jpg 300w, https:\/\/sinservregional.com.br\/site\/wp-content\/uploads\/2015\/09\/IMG_6937-1024x687.jpg 1024w\" sizes=\"auto, (max-width: 1795px) 100vw, 1795px\" \/><\/a> <a href=\"https:\/\/sinservregional.com.br\/site\/wp-content\/uploads\/2015\/09\/IMG_6908.jpg\"><img loading=\"lazy\" decoding=\"async\" class=\"alignnone size-full wp-image-4730\" src=\"https:\/\/sinservregional.com.br\/site\/wp-content\/uploads\/2015\/09\/IMG_6908.jpg\" alt=\"IMG_6908\" width=\"1795\" height=\"1205\" srcset=\"https:\/\/sinservregional.com.br\/site\/wp-content\/uploads\/2015\/09\/IMG_6908.jpg 1795w, https:\/\/sinservregional.com.br\/site\/wp-content\/uploads\/2015\/09\/IMG_6908-300x200.jpg 300w, https:\/\/sinservregional.com.br\/site\/wp-content\/uploads\/2015\/09\/IMG_6908-1024x687.jpg 1024w\" sizes=\"auto, (max-width: 1795px) 100vw, 1795px\" \/><\/a><\/p>\n<p>&nbsp;<\/p>\n","protected":false},"excerpt":{"rendered":"<p>Est\u00e1 deflagrada\u00a0\u00a0a greve dos servidores p\u00fablicos municipais de Jequi\u00e9. A delibera\u00e7\u00e3o saiu na tarde de hoje (21\/09), numa assembleia geral realizada no audit\u00f3rio do Sindicato dos Banc\u00e1rios, quando a categoria decidiu aprovar um movimento paredista por tempo indeterminado. O SINSERV tentou uma sa\u00edda com o executivo para resolver a situa\u00e7\u00e3o, mas n\u00e3o houve sucesso. Desde &hellip; <\/p>\n","protected":false},"author":1,"featured_media":4732,"comment_status":"open","ping_status":"open","sticky":false,"template":"","format":"standard","meta":{"footnotes":""},"categories":[22,15],"tags":[],"class_list":["post-4729","post","type-post","status-publish","format-standard","has-post-thumbnail","hentry","category-destaques","category-c34-gerais"],"_links":{"self":[{"href":"https:\/\/sinservregional.com.br\/site\/index.php?rest_route=\/wp\/v2\/posts\/4729","targetHints":{"allow":["GET"]}}],"collection":[{"href":"https:\/\/sinservregional.com.br\/site\/index.php?rest_route=\/wp\/v2\/posts"}],"about":[{"href":"https:\/\/sinservregional.com.br\/site\/index.php?rest_route=\/wp\/v2\/types\/post"}],"author":[{"embeddable":true,"href":"https:\/\/sinservregional.com.br\/site\/index.php?rest_route=\/wp\/v2\/users\/1"}],"replies":[{"embeddable":true,"href":"https:\/\/sinservregional.com.br\/site\/index.php?rest_route=%2Fwp%2Fv2%2Fcomments&post=4729"}],"version-history":[{"count":6,"href":"https:\/\/sinservregional.com.br\/site\/index.php?rest_route=\/wp\/v2\/posts\/4729\/revisions"}],"predecessor-version":[{"id":7023,"href":"https:\/\/sinservregional.com.br\/site\/index.php?rest_route=\/wp\/v2\/posts\/4729\/revisions\/7023"}],"wp:featuredmedia":[{"embeddable":true,"href":"https:\/\/sinservregional.com.br\/site\/index.php?rest_route=\/wp\/v2\/media\/4732"}],"wp:attachment":[{"href":"https:\/\/sinservregional.com.br\/site\/index.php?rest_route=%2Fwp%2Fv2%2Fmedia&parent=4729"}],"wp:term":[{"taxonomy":"category","embeddable":true,"href":"https:\/\/sinservregional.com.br\/site\/index.php?rest_route=%2Fwp%2Fv2%2Fcategories&post=4729"},{"taxonomy":"post_tag","embeddable":true,"href":"https:\/\/sinservregional.com.br\/site\/index.php?rest_route=%2Fwp%2Fv2%2Ftags&post=4729"}],"curies":[{"name":"wp","href":"https:\/\/api.w.org\/{rel}","templated":true}]}}