{"id":4639,"date":"2015-08-25T19:56:41","date_gmt":"2015-08-25T19:56:41","guid":{"rendered":"http:\/\/sinservregional.com.br\/site\/?p=4639"},"modified":"2015-08-25T19:59:14","modified_gmt":"2015-08-25T19:59:14","slug":"convocatoria-sobre-assembleia-unificada","status":"publish","type":"post","link":"https:\/\/sinservregional.com.br\/site\/?p=4639","title":{"rendered":"Convocat\u00f3ria sobre assembleia unificada"},"content":{"rendered":"<p style=\"line-height: 14.5pt; background: white; margin: 0cm 0cm 4.5pt 0cm;\"><span style=\"font-size: 10.5pt; font-family: 'Helvetica','sans-serif'; color: #141823;\"><a href=\"https:\/\/sinservregional.com.br\/site\/wp-content\/uploads\/2015\/08\/IPREJ10.jpg\"><img loading=\"lazy\" decoding=\"async\" class=\"alignnone wp-image-4640 size-large\" src=\"https:\/\/sinservregional.com.br\/site\/wp-content\/uploads\/2015\/08\/IPREJ10-1024x1024.jpg\" alt=\"IPREJ10\" width=\"1024\" height=\"1024\" srcset=\"https:\/\/sinservregional.com.br\/site\/wp-content\/uploads\/2015\/08\/IPREJ10-1024x1024.jpg 1024w, https:\/\/sinservregional.com.br\/site\/wp-content\/uploads\/2015\/08\/IPREJ10-150x150.jpg 150w, https:\/\/sinservregional.com.br\/site\/wp-content\/uploads\/2015\/08\/IPREJ10-300x300.jpg 300w\" sizes=\"auto, (max-width: 1024px) 100vw, 1024px\" \/><\/a>As entidades sindicais SINSERV, APLB e SIND ACS\/ACE convocam todos os associados para participarem de uma assembleia geral e unificada para aprecia\u00e7\u00e3o da presta\u00e7\u00e3o de contas do IPREJ.<\/span><\/p>\n<p style=\"line-height: 14.5pt; background: white; orphans: auto; widows: auto; -webkit-text-stroke-width: 0px; word-spacing: 0px; margin: 4.5pt 0cm 4.5pt 0cm;\"><span style=\"font-size: 10.5pt; font-family: 'Helvetica','sans-serif'; color: #141823;\">O encontro est\u00e1 marcado para sexta-feira (28\/08), \u00e0s 09:00, C\u00e2mara Municipal de Vereadores de Jequi\u00e9.<\/span><\/p>\n<p style=\"line-height: 14.5pt; background: white; orphans: auto; widows: auto; -webkit-text-stroke-width: 0px; word-spacing: 0px; margin: 4.5pt 0cm .0001pt 0cm;\"><span style=\"font-size: 10.5pt; font-family: 'Helvetica','sans-serif'; color: #141823;\">Na oportunidade, tamb\u00e9m ser\u00e3o escolhidos os nomes para compor a nova diretoria do Conselho Fiscal e Conselho previdenci\u00e1rio do IPREJ.<\/span><\/p>\n","protected":false},"excerpt":{"rendered":"<p>As entidades sindicais SINSERV, APLB e SIND ACS\/ACE convocam todos os associados para participarem de uma assembleia geral e unificada para aprecia\u00e7\u00e3o da presta\u00e7\u00e3o de contas do IPREJ. O encontro est\u00e1 marcado para sexta-feira (28\/08), \u00e0s 09:00, C\u00e2mara Municipal de Vereadores de Jequi\u00e9. Na oportunidade, tamb\u00e9m ser\u00e3o escolhidos os nomes para compor a nova diretoria &hellip; <\/p>\n","protected":false},"author":1,"featured_media":4640,"comment_status":"open","ping_status":"open","sticky":false,"template":"","format":"standard","meta":{"footnotes":""},"categories":[22,18,15],"tags":[],"class_list":["post-4639","post","type-post","status-publish","format-standard","has-post-thumbnail","hentry","category-destaques","category-c37-eventos","category-c34-gerais"],"_links":{"self":[{"href":"https:\/\/sinservregional.com.br\/site\/index.php?rest_route=\/wp\/v2\/posts\/4639","targetHints":{"allow":["GET"]}}],"collection":[{"href":"https:\/\/sinservregional.com.br\/site\/index.php?rest_route=\/wp\/v2\/posts"}],"about":[{"href":"https:\/\/sinservregional.com.br\/site\/index.php?rest_route=\/wp\/v2\/types\/post"}],"author":[{"embeddable":true,"href":"https:\/\/sinservregional.com.br\/site\/index.php?rest_route=\/wp\/v2\/users\/1"}],"replies":[{"embeddable":true,"href":"https:\/\/sinservregional.com.br\/site\/index.php?rest_route=%2Fwp%2Fv2%2Fcomments&post=4639"}],"version-history":[{"count":3,"href":"https:\/\/sinservregional.com.br\/site\/index.php?rest_route=\/wp\/v2\/posts\/4639\/revisions"}],"predecessor-version":[{"id":4642,"href":"https:\/\/sinservregional.com.br\/site\/index.php?rest_route=\/wp\/v2\/posts\/4639\/revisions\/4642"}],"wp:featuredmedia":[{"embeddable":true,"href":"https:\/\/sinservregional.com.br\/site\/index.php?rest_route=\/wp\/v2\/media\/4640"}],"wp:attachment":[{"href":"https:\/\/sinservregional.com.br\/site\/index.php?rest_route=%2Fwp%2Fv2%2Fmedia&parent=4639"}],"wp:term":[{"taxonomy":"category","embeddable":true,"href":"https:\/\/sinservregional.com.br\/site\/index.php?rest_route=%2Fwp%2Fv2%2Fcategories&post=4639"},{"taxonomy":"post_tag","embeddable":true,"href":"https:\/\/sinservregional.com.br\/site\/index.php?rest_route=%2Fwp%2Fv2%2Ftags&post=4639"}],"curies":[{"name":"wp","href":"https:\/\/api.w.org\/{rel}","templated":true}]}}