{"id":4635,"date":"2015-08-25T18:02:26","date_gmt":"2015-08-25T18:02:26","guid":{"rendered":"http:\/\/sinservregional.com.br\/site\/?p=4635"},"modified":"2015-08-25T18:02:26","modified_gmt":"2015-08-25T18:02:26","slug":"convocacao-para-assembleia-unificada-sobre-o-iprej","status":"publish","type":"post","link":"https:\/\/sinservregional.com.br\/site\/?p=4635","title":{"rendered":"Convoca\u00e7\u00e3o para assembleia unificada sobre o IPREJ"},"content":{"rendered":"<p><a href=\"https:\/\/sinservregional.com.br\/site\/wp-content\/uploads\/2015\/08\/iprej.jpg\"><img loading=\"lazy\" decoding=\"async\" class=\"alignnone size-full wp-image-4636\" src=\"https:\/\/sinservregional.com.br\/site\/wp-content\/uploads\/2015\/08\/iprej.jpg\" alt=\"iprej\" width=\"652\" height=\"652\" srcset=\"https:\/\/sinservregional.com.br\/site\/wp-content\/uploads\/2015\/08\/iprej.jpg 652w, https:\/\/sinservregional.com.br\/site\/wp-content\/uploads\/2015\/08\/iprej-150x150.jpg 150w, https:\/\/sinservregional.com.br\/site\/wp-content\/uploads\/2015\/08\/iprej-300x300.jpg 300w\" sizes=\"auto, (max-width: 652px) 100vw, 652px\" \/><\/a>Aten\u00e7\u00e3o servidores.<br \/>\nAs entidades sindicais SINSERV, APLB e SIND ACS\/ACE convocam todos os associados para participarem de uma assembleia geral e unificada para aprecia\u00e7\u00e3o da presta\u00e7\u00e3o de contas do IPREJ.<\/p>\n<p>O encontro est\u00e1 marcado para sexta-feira (28\/08), \u00e0s 09:00, C\u00e2mara Municipal de Vereadores de Jequi\u00e9. Na oportunidade, ser\u00e3o escolhidos os nomes para compor a nova diretoria do Conselho Fiscal e Conselho previdenci\u00e1rio do IPREJ.<\/p>\n","protected":false},"excerpt":{"rendered":"<p>Aten\u00e7\u00e3o servidores. As entidades sindicais SINSERV, APLB e SIND ACS\/ACE convocam todos os associados para participarem de uma assembleia geral e unificada para aprecia\u00e7\u00e3o da presta\u00e7\u00e3o de contas do IPREJ. O encontro est\u00e1 marcado para sexta-feira (28\/08), \u00e0s 09:00, C\u00e2mara Municipal de Vereadores de Jequi\u00e9. Na oportunidade, ser\u00e3o escolhidos os nomes para compor a nova &hellip; <\/p>\n","protected":false},"author":1,"featured_media":4636,"comment_status":"open","ping_status":"open","sticky":false,"template":"","format":"standard","meta":{"footnotes":""},"categories":[22,18,15],"tags":[],"class_list":["post-4635","post","type-post","status-publish","format-standard","has-post-thumbnail","hentry","category-destaques","category-c37-eventos","category-c34-gerais"],"_links":{"self":[{"href":"https:\/\/sinservregional.com.br\/site\/index.php?rest_route=\/wp\/v2\/posts\/4635","targetHints":{"allow":["GET"]}}],"collection":[{"href":"https:\/\/sinservregional.com.br\/site\/index.php?rest_route=\/wp\/v2\/posts"}],"about":[{"href":"https:\/\/sinservregional.com.br\/site\/index.php?rest_route=\/wp\/v2\/types\/post"}],"author":[{"embeddable":true,"href":"https:\/\/sinservregional.com.br\/site\/index.php?rest_route=\/wp\/v2\/users\/1"}],"replies":[{"embeddable":true,"href":"https:\/\/sinservregional.com.br\/site\/index.php?rest_route=%2Fwp%2Fv2%2Fcomments&post=4635"}],"version-history":[{"count":2,"href":"https:\/\/sinservregional.com.br\/site\/index.php?rest_route=\/wp\/v2\/posts\/4635\/revisions"}],"predecessor-version":[{"id":4638,"href":"https:\/\/sinservregional.com.br\/site\/index.php?rest_route=\/wp\/v2\/posts\/4635\/revisions\/4638"}],"wp:featuredmedia":[{"embeddable":true,"href":"https:\/\/sinservregional.com.br\/site\/index.php?rest_route=\/wp\/v2\/media\/4636"}],"wp:attachment":[{"href":"https:\/\/sinservregional.com.br\/site\/index.php?rest_route=%2Fwp%2Fv2%2Fmedia&parent=4635"}],"wp:term":[{"taxonomy":"category","embeddable":true,"href":"https:\/\/sinservregional.com.br\/site\/index.php?rest_route=%2Fwp%2Fv2%2Fcategories&post=4635"},{"taxonomy":"post_tag","embeddable":true,"href":"https:\/\/sinservregional.com.br\/site\/index.php?rest_route=%2Fwp%2Fv2%2Ftags&post=4635"}],"curies":[{"name":"wp","href":"https:\/\/api.w.org\/{rel}","templated":true}]}}