{"id":4522,"date":"2015-07-20T12:57:20","date_gmt":"2015-07-20T12:57:20","guid":{"rendered":"http:\/\/sinservregional.com.br\/site\/?p=4522"},"modified":"2015-07-21T13:48:27","modified_gmt":"2015-07-21T13:48:27","slug":"entidades-convidam-a-populacao-jequieense-para-a-vii-cms","status":"publish","type":"post","link":"https:\/\/sinservregional.com.br\/site\/?p=4522","title":{"rendered":"Entidades convidam a popula\u00e7\u00e3o jequieense para a 7\u00aa CMS"},"content":{"rendered":"<p><a href=\"https:\/\/sinservregional.com.br\/site\/wp-content\/uploads\/2015\/07\/11705186_1072523396092273_3700658938066333463_n.jpg\"><img loading=\"lazy\" decoding=\"async\" class=\"alignnone wp-image-4523 size-full\" src=\"https:\/\/sinservregional.com.br\/site\/wp-content\/uploads\/2015\/07\/11705186_1072523396092273_3700658938066333463_n.jpg\" alt=\"11705186_1072523396092273_3700658938066333463_n\" width=\"679\" height=\"960\" srcset=\"https:\/\/sinservregional.com.br\/site\/wp-content\/uploads\/2015\/07\/11705186_1072523396092273_3700658938066333463_n.jpg 679w, https:\/\/sinservregional.com.br\/site\/wp-content\/uploads\/2015\/07\/11705186_1072523396092273_3700658938066333463_n-212x300.jpg 212w\" sizes=\"auto, (max-width: 679px) 100vw, 679px\" \/><\/a><\/p>\n<p>A Prefeitura Municipal de Jequi\u00e9, a Secretaria Municipal de Sa\u00fade e o Conselho Municipal de Sa\u00fade convocam a popula\u00e7\u00e3o jequieense para participar da 7\u00aa CONFER\u00caNCIA MUNICIPAL DE SA\u00daDE.<\/p>\n<p>Com o tema \u201cSa\u00fade p\u00fablica de qualidade para cuidar bem das pessoas, direito do povo brasileiro\u201d, o evento ser\u00e1 realizado nos dias 22 a 24\/07 no Audit\u00f3rio Wally Salom\u00e3o (UESB).<\/p>\n<p>De acordo com os organizadores, \u201ca Confer\u00eancia \u00e9 um espa\u00e7o democr\u00e1tico onde a popula\u00e7\u00e3o \u00e9 convidada a avaliar a situa\u00e7\u00e3<span class=\"text_exposed_show\">o de sa\u00fade, ajudar a definir caminhos e garantir que o Sistema \u00danico de Sa\u00fade (SUS) seja um direito de todos. O SUS \u00e9 uma conquista de todos os brasileiros. No entanto, a dif\u00edcil conjuntura econ\u00f4mica mundial imp\u00f5e desafios urgentes para os governos em rela\u00e7\u00e3o ao financiamento das pol\u00edticas p\u00fablicas&#8230;\u201d<\/span><\/p>\n<div class=\"text_exposed_show\">\n<p>Diante disso a Confer\u00eancia convoca a popula\u00e7\u00e3o a sair em defesa da sa\u00fade p\u00fablica gratuita e integral para todos. Participando com propostas que visem melhorar os servi\u00e7os p\u00fablicos de sa\u00fade, garantidos por direito.<\/p>\n<p>Veja a programa\u00e7\u00e3o completa, abaixo.<\/p>\n<p><a href=\"https:\/\/sinservregional.com.br\/site\/wp-content\/uploads\/2015\/07\/1.jpg\"><img loading=\"lazy\" decoding=\"async\" class=\"alignnone wp-image-4531 size-full\" src=\"https:\/\/sinservregional.com.br\/site\/wp-content\/uploads\/2015\/07\/1.jpg\" alt=\"1\" width=\"693\" height=\"960\" srcset=\"https:\/\/sinservregional.com.br\/site\/wp-content\/uploads\/2015\/07\/1.jpg 693w, https:\/\/sinservregional.com.br\/site\/wp-content\/uploads\/2015\/07\/1-217x300.jpg 217w\" sizes=\"auto, (max-width: 693px) 100vw, 693px\" \/><\/a><\/p>\n<p><a href=\"https:\/\/sinservregional.com.br\/site\/wp-content\/uploads\/2015\/07\/2.jpg\"><img loading=\"lazy\" decoding=\"async\" class=\"alignnone size-full wp-image-4532\" src=\"https:\/\/sinservregional.com.br\/site\/wp-content\/uploads\/2015\/07\/2.jpg\" alt=\"2\" width=\"726\" height=\"960\" srcset=\"https:\/\/sinservregional.com.br\/site\/wp-content\/uploads\/2015\/07\/2.jpg 726w, https:\/\/sinservregional.com.br\/site\/wp-content\/uploads\/2015\/07\/2-227x300.jpg 227w\" sizes=\"auto, (max-width: 726px) 100vw, 726px\" \/><\/a><\/p>\n<p><a href=\"https:\/\/sinservregional.com.br\/site\/wp-content\/uploads\/2015\/07\/3.jpg\"><img loading=\"lazy\" decoding=\"async\" class=\"alignnone size-full wp-image-4533\" src=\"https:\/\/sinservregional.com.br\/site\/wp-content\/uploads\/2015\/07\/3.jpg\" alt=\"3\" width=\"619\" height=\"960\" srcset=\"https:\/\/sinservregional.com.br\/site\/wp-content\/uploads\/2015\/07\/3.jpg 619w, https:\/\/sinservregional.com.br\/site\/wp-content\/uploads\/2015\/07\/3-193x300.jpg 193w\" sizes=\"auto, (max-width: 619px) 100vw, 619px\" \/><\/a><\/p>\n<\/div>\n","protected":false},"excerpt":{"rendered":"<p>A Prefeitura Municipal de Jequi\u00e9, a Secretaria Municipal de Sa\u00fade e o Conselho Municipal de Sa\u00fade convocam a popula\u00e7\u00e3o jequieense para participar da 7\u00aa CONFER\u00caNCIA MUNICIPAL DE SA\u00daDE. Com o tema \u201cSa\u00fade p\u00fablica de qualidade para cuidar bem das pessoas, direito do povo brasileiro\u201d, o evento ser\u00e1 realizado nos dias 22 a 24\/07 no Audit\u00f3rio &hellip; <\/p>\n","protected":false},"author":1,"featured_media":4523,"comment_status":"open","ping_status":"open","sticky":false,"template":"","format":"standard","meta":{"footnotes":""},"categories":[22,15],"tags":[],"class_list":["post-4522","post","type-post","status-publish","format-standard","has-post-thumbnail","hentry","category-destaques","category-c34-gerais"],"_links":{"self":[{"href":"https:\/\/sinservregional.com.br\/site\/index.php?rest_route=\/wp\/v2\/posts\/4522","targetHints":{"allow":["GET"]}}],"collection":[{"href":"https:\/\/sinservregional.com.br\/site\/index.php?rest_route=\/wp\/v2\/posts"}],"about":[{"href":"https:\/\/sinservregional.com.br\/site\/index.php?rest_route=\/wp\/v2\/types\/post"}],"author":[{"embeddable":true,"href":"https:\/\/sinservregional.com.br\/site\/index.php?rest_route=\/wp\/v2\/users\/1"}],"replies":[{"embeddable":true,"href":"https:\/\/sinservregional.com.br\/site\/index.php?rest_route=%2Fwp%2Fv2%2Fcomments&post=4522"}],"version-history":[{"count":3,"href":"https:\/\/sinservregional.com.br\/site\/index.php?rest_route=\/wp\/v2\/posts\/4522\/revisions"}],"predecessor-version":[{"id":4534,"href":"https:\/\/sinservregional.com.br\/site\/index.php?rest_route=\/wp\/v2\/posts\/4522\/revisions\/4534"}],"wp:featuredmedia":[{"embeddable":true,"href":"https:\/\/sinservregional.com.br\/site\/index.php?rest_route=\/wp\/v2\/media\/4523"}],"wp:attachment":[{"href":"https:\/\/sinservregional.com.br\/site\/index.php?rest_route=%2Fwp%2Fv2%2Fmedia&parent=4522"}],"wp:term":[{"taxonomy":"category","embeddable":true,"href":"https:\/\/sinservregional.com.br\/site\/index.php?rest_route=%2Fwp%2Fv2%2Fcategories&post=4522"},{"taxonomy":"post_tag","embeddable":true,"href":"https:\/\/sinservregional.com.br\/site\/index.php?rest_route=%2Fwp%2Fv2%2Ftags&post=4522"}],"curies":[{"name":"wp","href":"https:\/\/api.w.org\/{rel}","templated":true}]}}