{"id":4517,"date":"2015-07-20T12:54:15","date_gmt":"2015-07-20T12:54:15","guid":{"rendered":"http:\/\/sinservregional.com.br\/site\/?p=4517"},"modified":"2015-07-20T13:28:31","modified_gmt":"2015-07-20T13:28:31","slug":"sancionada-a-lei-do-reajuste-salarial","status":"publish","type":"post","link":"https:\/\/sinservregional.com.br\/site\/?p=4517","title":{"rendered":"Sancionada a Lei do Reajuste Salarial"},"content":{"rendered":"<p><a href=\"https:\/\/sinservregional.com.br\/site\/wp-content\/uploads\/2015\/07\/reajuste_salarial_ok.png\"><img loading=\"lazy\" decoding=\"async\" class=\"alignnone wp-image-4527 size-large\" src=\"https:\/\/sinservregional.com.br\/site\/wp-content\/uploads\/2015\/07\/reajuste_salarial_ok-1024x1024.png\" alt=\"reajuste_salarial_ok\" width=\"1024\" height=\"1024\" srcset=\"https:\/\/sinservregional.com.br\/site\/wp-content\/uploads\/2015\/07\/reajuste_salarial_ok-1024x1024.png 1024w, https:\/\/sinservregional.com.br\/site\/wp-content\/uploads\/2015\/07\/reajuste_salarial_ok-150x150.png 150w, https:\/\/sinservregional.com.br\/site\/wp-content\/uploads\/2015\/07\/reajuste_salarial_ok-300x300.png 300w\" sizes=\"auto, (max-width: 1024px) 100vw, 1024px\" \/><\/a>A Prefeita T\u00e2nia Britto, no uso de suas atribui\u00e7\u00f5es legais, faz saber que a C\u00e2mara Municipal de Vereadores aprovou e o executivo municipal sancionou a Lei 1.965\/2015, autorizando o reajuste salarial para todos os servidores p\u00fablicos municipais ativos e inativos.<\/p>\n<p>A Lei foi publicada no Di\u00e1rio Oficial de sexta-feira (17\/07). Acesse <a href=\"https:\/\/io.org.br\/ba\/jequie\/diarioOficial\/download\/425\/1711\/0\" target=\"_blank\">este link <\/a>e confira seu percentual de reajuste mencionado na tabela de vencimento.<\/p>\n","protected":false},"excerpt":{"rendered":"<p>A Prefeita T\u00e2nia Britto, no uso de suas atribui\u00e7\u00f5es legais, faz saber que a C\u00e2mara Municipal de Vereadores aprovou e o executivo municipal sancionou a Lei 1.965\/2015, autorizando o reajuste salarial para todos os servidores p\u00fablicos municipais ativos e inativos. A Lei foi publicada no Di\u00e1rio Oficial de sexta-feira (17\/07). Acesse este link e confira &hellip; <\/p>\n","protected":false},"author":1,"featured_media":4527,"comment_status":"open","ping_status":"open","sticky":false,"template":"","format":"standard","meta":{"footnotes":""},"categories":[22,15],"tags":[],"class_list":["post-4517","post","type-post","status-publish","format-standard","has-post-thumbnail","hentry","category-destaques","category-c34-gerais"],"_links":{"self":[{"href":"https:\/\/sinservregional.com.br\/site\/index.php?rest_route=\/wp\/v2\/posts\/4517","targetHints":{"allow":["GET"]}}],"collection":[{"href":"https:\/\/sinservregional.com.br\/site\/index.php?rest_route=\/wp\/v2\/posts"}],"about":[{"href":"https:\/\/sinservregional.com.br\/site\/index.php?rest_route=\/wp\/v2\/types\/post"}],"author":[{"embeddable":true,"href":"https:\/\/sinservregional.com.br\/site\/index.php?rest_route=\/wp\/v2\/users\/1"}],"replies":[{"embeddable":true,"href":"https:\/\/sinservregional.com.br\/site\/index.php?rest_route=%2Fwp%2Fv2%2Fcomments&post=4517"}],"version-history":[{"count":4,"href":"https:\/\/sinservregional.com.br\/site\/index.php?rest_route=\/wp\/v2\/posts\/4517\/revisions"}],"predecessor-version":[{"id":4528,"href":"https:\/\/sinservregional.com.br\/site\/index.php?rest_route=\/wp\/v2\/posts\/4517\/revisions\/4528"}],"wp:featuredmedia":[{"embeddable":true,"href":"https:\/\/sinservregional.com.br\/site\/index.php?rest_route=\/wp\/v2\/media\/4527"}],"wp:attachment":[{"href":"https:\/\/sinservregional.com.br\/site\/index.php?rest_route=%2Fwp%2Fv2%2Fmedia&parent=4517"}],"wp:term":[{"taxonomy":"category","embeddable":true,"href":"https:\/\/sinservregional.com.br\/site\/index.php?rest_route=%2Fwp%2Fv2%2Fcategories&post=4517"},{"taxonomy":"post_tag","embeddable":true,"href":"https:\/\/sinservregional.com.br\/site\/index.php?rest_route=%2Fwp%2Fv2%2Ftags&post=4517"}],"curies":[{"name":"wp","href":"https:\/\/api.w.org\/{rel}","templated":true}]}}