{"id":4500,"date":"2015-07-16T20:12:11","date_gmt":"2015-07-16T20:12:11","guid":{"rendered":"http:\/\/sinservregional.com.br\/site\/?p=4500"},"modified":"2017-07-20T17:01:01","modified_gmt":"2017-07-20T17:01:01","slug":"plenaria-dos-trabalhadores-em-saude","status":"publish","type":"post","link":"https:\/\/sinservregional.com.br\/site\/?p=4500","title":{"rendered":"Sindicatos concluem Plen\u00e1ria dos Trabalhadores em Sa\u00fade indicando quest\u00f5es para o f\u00f3rum municipal"},"content":{"rendered":"<p><a href=\"https:\/\/sinservregional.com.br\/site\/wp-content\/uploads\/2015\/07\/11745950_927118760682363_6654418713056651240_n.jpg\"><img loading=\"lazy\" decoding=\"async\" class=\"alignnone size-full wp-image-4501\" src=\"https:\/\/sinservregional.com.br\/site\/wp-content\/uploads\/2015\/07\/11745950_927118760682363_6654418713056651240_n.jpg\" alt=\"11745950_927118760682363_6654418713056651240_n\" width=\"960\" height=\"644\" srcset=\"https:\/\/sinservregional.com.br\/site\/wp-content\/uploads\/2015\/07\/11745950_927118760682363_6654418713056651240_n.jpg 960w, https:\/\/sinservregional.com.br\/site\/wp-content\/uploads\/2015\/07\/11745950_927118760682363_6654418713056651240_n-300x200.jpg 300w\" sizes=\"auto, (max-width: 960px) 100vw, 960px\" \/><\/a><\/p>\n<p>O SINSERV e SIND ACS\/ACE apresentaram pela manh\u00e3 (16\/07), na C\u00e2mara Municipal de Vereadores, uma plen\u00e1ria com as manifesta\u00e7\u00f5es dos trabalhadores em sa\u00fade. O evento contou com uma mesa de abertura mediada por Ven\u00edcio Lucena (CTB) e formada por v\u00e1rias entidades sindicais representadas por Erlon (SIND ACE\/ACE), Maria Neide (SINSERV), Silvino (CMS), Jorge Sampaio (DIRES) e Orlaneide (SIND SA\u00daDE).<\/p>\n<p>Ap\u00f3s a abertura oficial os trabalhos seguiram com a apresenta\u00e7\u00e3o de uma palestra por Roseli Cardoso, abordando a participa\u00e7\u00e3o da sociedade na fiscaliza\u00e7\u00e3o dos servi\u00e7os de sa\u00fade. A palestrante enfatizou para os presentes que o cidad\u00e3o precisa exercer seus direitos pol\u00edticos atrav\u00e9s da a\u00e7\u00e3o, preposi\u00e7\u00e3o e do controle sobre as quest\u00f5es de sa\u00fade. Essa garantia de interven\u00e7\u00e3o social \u00e9 institu\u00edda atrav\u00e9s da Lei 8.142\/1990, que, inclusive, autoriza a cria\u00e7\u00e3o e funcionamento dos Conselhos e das Confer\u00eancias de Sa\u00fade como inst\u00e2ncias de controle social do SUS. Principalmente, em ouvir a sociedade e levantar os principais problemas que precisam ser solucionados.<\/p>\n<p style=\"font-style: inherit; font-weight: inherit;\">O evento de hoje foi marcado pela participa\u00e7\u00e3o dos trabalhadores em sa\u00fade da Prefeitura Municipal de Jequi\u00e9 e do Estado da Bahia. Ao final da plen\u00e1ria foram identificadas, aproximadamente, trinta quest\u00f5es a serem apresentadas e debatidas pelas referidas entidades sindicais no 7\u00aa Confer\u00eancia Municipal de Sa\u00fade.<\/p>\n<p style=\"font-style: inherit; font-weight: inherit;\">A Confer\u00eancia ser\u00e1 realizada ainda neste m\u00eas. Ela consiste num f\u00f3rum m\u00e1ximo para discuss\u00e3o dos problemas de sa\u00fade identificados nas demais pr\u00e9-confer\u00eancias, que j\u00e1 est\u00e3o sendo conclu\u00eddas em Jequi\u00e9 durante esta semana.<\/p>\n<p><em>Antonio Argolo\/SINSERV<\/em><\/p>\n<div class=\"text_exposed_show\">\n<p><a href=\"https:\/\/sinservregional.com.br\/site\/wp-content\/uploads\/2015\/07\/11750674_927119864015586_6201515794744235715_n.jpg\"><img loading=\"lazy\" decoding=\"async\" class=\"alignnone size-full wp-image-4502\" src=\"https:\/\/sinservregional.com.br\/site\/wp-content\/uploads\/2015\/07\/11750674_927119864015586_6201515794744235715_n.jpg\" alt=\"11750674_927119864015586_6201515794744235715_n\" width=\"960\" height=\"644\" srcset=\"https:\/\/sinservregional.com.br\/site\/wp-content\/uploads\/2015\/07\/11750674_927119864015586_6201515794744235715_n.jpg 960w, https:\/\/sinservregional.com.br\/site\/wp-content\/uploads\/2015\/07\/11750674_927119864015586_6201515794744235715_n-300x200.jpg 300w\" sizes=\"auto, (max-width: 960px) 100vw, 960px\" \/><\/a><\/p>\n<\/div>\n","protected":false},"excerpt":{"rendered":"<p>O SINSERV e SIND ACS\/ACE apresentaram pela manh\u00e3 (16\/07), na C\u00e2mara Municipal de Vereadores, uma plen\u00e1ria com as manifesta\u00e7\u00f5es dos trabalhadores em sa\u00fade. O evento contou com uma mesa de abertura mediada por Ven\u00edcio Lucena (CTB) e formada por v\u00e1rias entidades sindicais representadas por Erlon (SIND ACE\/ACE), Maria Neide (SINSERV), Silvino (CMS), Jorge Sampaio (DIRES) &hellip; <\/p>\n","protected":false},"author":1,"featured_media":4501,"comment_status":"open","ping_status":"open","sticky":false,"template":"","format":"standard","meta":{"footnotes":""},"categories":[22,15],"tags":[],"class_list":["post-4500","post","type-post","status-publish","format-standard","has-post-thumbnail","hentry","category-destaques","category-c34-gerais"],"_links":{"self":[{"href":"https:\/\/sinservregional.com.br\/site\/index.php?rest_route=\/wp\/v2\/posts\/4500","targetHints":{"allow":["GET"]}}],"collection":[{"href":"https:\/\/sinservregional.com.br\/site\/index.php?rest_route=\/wp\/v2\/posts"}],"about":[{"href":"https:\/\/sinservregional.com.br\/site\/index.php?rest_route=\/wp\/v2\/types\/post"}],"author":[{"embeddable":true,"href":"https:\/\/sinservregional.com.br\/site\/index.php?rest_route=\/wp\/v2\/users\/1"}],"replies":[{"embeddable":true,"href":"https:\/\/sinservregional.com.br\/site\/index.php?rest_route=%2Fwp%2Fv2%2Fcomments&post=4500"}],"version-history":[{"count":7,"href":"https:\/\/sinservregional.com.br\/site\/index.php?rest_route=\/wp\/v2\/posts\/4500\/revisions"}],"predecessor-version":[{"id":6976,"href":"https:\/\/sinservregional.com.br\/site\/index.php?rest_route=\/wp\/v2\/posts\/4500\/revisions\/6976"}],"wp:featuredmedia":[{"embeddable":true,"href":"https:\/\/sinservregional.com.br\/site\/index.php?rest_route=\/wp\/v2\/media\/4501"}],"wp:attachment":[{"href":"https:\/\/sinservregional.com.br\/site\/index.php?rest_route=%2Fwp%2Fv2%2Fmedia&parent=4500"}],"wp:term":[{"taxonomy":"category","embeddable":true,"href":"https:\/\/sinservregional.com.br\/site\/index.php?rest_route=%2Fwp%2Fv2%2Fcategories&post=4500"},{"taxonomy":"post_tag","embeddable":true,"href":"https:\/\/sinservregional.com.br\/site\/index.php?rest_route=%2Fwp%2Fv2%2Ftags&post=4500"}],"curies":[{"name":"wp","href":"https:\/\/api.w.org\/{rel}","templated":true}]}}