{"id":4497,"date":"2015-07-16T20:08:07","date_gmt":"2015-07-16T20:08:07","guid":{"rendered":"http:\/\/sinservregional.com.br\/site\/?p=4497"},"modified":"2017-07-19T14:31:54","modified_gmt":"2017-07-19T14:31:54","slug":"vereadores-aprovam-a-lei-de-reajuste-salarial","status":"publish","type":"post","link":"https:\/\/sinservregional.com.br\/site\/?p=4497","title":{"rendered":"Vereadores aprovam a Lei de Reajuste Salarial, mat\u00e9ria retorna para san\u00e7\u00e3o do Executivo"},"content":{"rendered":"<p><a href=\"https:\/\/sinservregional.com.br\/site\/wp-content\/uploads\/2015\/07\/11698680_926837960710443_7931275010660833792_n.jpg\"><img loading=\"lazy\" decoding=\"async\" class=\"alignnone size-full wp-image-4505\" src=\"https:\/\/sinservregional.com.br\/site\/wp-content\/uploads\/2015\/07\/11698680_926837960710443_7931275010660833792_n.jpg\" alt=\"11698680_926837960710443_7931275010660833792_n\" width=\"960\" height=\"640\" srcset=\"https:\/\/sinservregional.com.br\/site\/wp-content\/uploads\/2015\/07\/11698680_926837960710443_7931275010660833792_n.jpg 960w, https:\/\/sinservregional.com.br\/site\/wp-content\/uploads\/2015\/07\/11698680_926837960710443_7931275010660833792_n-300x200.jpg 300w\" sizes=\"auto, (max-width: 960px) 100vw, 960px\" \/><\/a><\/p>\n<p>A C\u00e2mara de Vereadores aprovou na noite de quarta-feira (15\/07) o projeto de Lei do Executivo, que concede Reajuste Salarial aos servidores p\u00fablicos ativos e inativos da Prefeitura Municipal de Jequi\u00e9.<\/p>\n<p>Ap\u00f3s a vota\u00e7\u00e3o, acompanhada pelos diretores do SINSERV e da APLB Sindicato, a mat\u00e9ria retorna ao executivo para san\u00e7\u00e3o. Nossa perspectiva \u00e9 que o funcionalismo receba o sal\u00e1rio atualizado no final deste m\u00eas, at\u00e9 porque os acordos firmados com os sindicatos assegura essa garantia.<\/p>\n<p>Devido \u00e0s regras de regimento interno da Casa de Leis, cogitou-se que os tr\u00e2mites para a aprova\u00e7\u00e3o do reajuste poderia ser muito longo. Logo, a categoria foi convocada para acompanhar esses procedimentos e conversar com os edis.<\/p>\n<p>Diante do resultado apresentado na \u00faltima sess\u00e3o, o SINSERV agradece aos parlamentares que conclu\u00edram pela necessidade de vota\u00e7\u00e3o do projeto. Por fim, vimos parabenizar a todos os servidores que estiveram participando da sess\u00e3o, fortalecendo a luta de classe e a garantia dos direitos a quem faz acontecer o funcionamento dos servi\u00e7os p\u00fablicos municipais de Jequi\u00e9.<\/p>\n<p><em>Antonio Argolo\/SINSERV<\/em><\/p>\n","protected":false},"excerpt":{"rendered":"<p>A C\u00e2mara de Vereadores aprovou na noite de quarta-feira (15\/07) o projeto de Lei do Executivo, que concede Reajuste Salarial aos servidores p\u00fablicos ativos e inativos da Prefeitura Municipal de Jequi\u00e9. Ap\u00f3s a vota\u00e7\u00e3o, acompanhada pelos diretores do SINSERV e da APLB Sindicato, a mat\u00e9ria retorna ao executivo para san\u00e7\u00e3o. Nossa perspectiva \u00e9 que o &hellip; <\/p>\n","protected":false},"author":1,"featured_media":4505,"comment_status":"open","ping_status":"open","sticky":false,"template":"","format":"standard","meta":{"footnotes":""},"categories":[22,15],"tags":[],"class_list":["post-4497","post","type-post","status-publish","format-standard","has-post-thumbnail","hentry","category-destaques","category-c34-gerais"],"_links":{"self":[{"href":"https:\/\/sinservregional.com.br\/site\/index.php?rest_route=\/wp\/v2\/posts\/4497","targetHints":{"allow":["GET"]}}],"collection":[{"href":"https:\/\/sinservregional.com.br\/site\/index.php?rest_route=\/wp\/v2\/posts"}],"about":[{"href":"https:\/\/sinservregional.com.br\/site\/index.php?rest_route=\/wp\/v2\/types\/post"}],"author":[{"embeddable":true,"href":"https:\/\/sinservregional.com.br\/site\/index.php?rest_route=\/wp\/v2\/users\/1"}],"replies":[{"embeddable":true,"href":"https:\/\/sinservregional.com.br\/site\/index.php?rest_route=%2Fwp%2Fv2%2Fcomments&post=4497"}],"version-history":[{"count":5,"href":"https:\/\/sinservregional.com.br\/site\/index.php?rest_route=\/wp\/v2\/posts\/4497\/revisions"}],"predecessor-version":[{"id":6971,"href":"https:\/\/sinservregional.com.br\/site\/index.php?rest_route=\/wp\/v2\/posts\/4497\/revisions\/6971"}],"wp:featuredmedia":[{"embeddable":true,"href":"https:\/\/sinservregional.com.br\/site\/index.php?rest_route=\/wp\/v2\/media\/4505"}],"wp:attachment":[{"href":"https:\/\/sinservregional.com.br\/site\/index.php?rest_route=%2Fwp%2Fv2%2Fmedia&parent=4497"}],"wp:term":[{"taxonomy":"category","embeddable":true,"href":"https:\/\/sinservregional.com.br\/site\/index.php?rest_route=%2Fwp%2Fv2%2Fcategories&post=4497"},{"taxonomy":"post_tag","embeddable":true,"href":"https:\/\/sinservregional.com.br\/site\/index.php?rest_route=%2Fwp%2Fv2%2Ftags&post=4497"}],"curies":[{"name":"wp","href":"https:\/\/api.w.org\/{rel}","templated":true}]}}