{"id":4358,"date":"2015-05-26T11:44:02","date_gmt":"2015-05-26T11:44:02","guid":{"rendered":"http:\/\/sinservregional.com.br\/site\/?p=4358"},"modified":"2017-07-14T15:41:08","modified_gmt":"2017-07-14T15:41:08","slug":"sinserv-recebe-mocao-honrosa-da-adefij","status":"publish","type":"post","link":"https:\/\/sinservregional.com.br\/site\/?p=4358","title":{"rendered":"SINSERV \u00e9 premiado pela ADEFIJ com mo\u00e7\u00e3o honrosa"},"content":{"rendered":"<p><a href=\"https:\/\/sinservregional.com.br\/site\/wp-content\/uploads\/2015\/05\/1.jpg\"><img loading=\"lazy\" decoding=\"async\" class=\"alignnone size-full wp-image-4359\" src=\"https:\/\/sinservregional.com.br\/site\/wp-content\/uploads\/2015\/05\/1.jpg\" alt=\"1\" width=\"960\" height=\"644\" srcset=\"https:\/\/sinservregional.com.br\/site\/wp-content\/uploads\/2015\/05\/1.jpg 960w, https:\/\/sinservregional.com.br\/site\/wp-content\/uploads\/2015\/05\/1-300x200.jpg 300w\" sizes=\"auto, (max-width: 960px) 100vw, 960px\" \/><\/a><\/p>\n<p>Na \u00faltima sexta-feira (22\/05) a Associa\u00e7\u00e3o dos Deficientes F\u00edsicos de Jequi\u00e9, Regi\u00e3o e Amigos (ADEFIJ) premiou o SINSERV com uma mo\u00e7\u00e3o de agradecimento.<\/p>\n<p>A mo\u00e7\u00e3o, assinada ainda em vida por Carlos Luiz de Oliveira Queiroz, presidente anterior da ADEFIJ, tem por objetivo agradecer ao sindicato, na pessoa dos seus representantes Ven\u00edcio Lucena e Antonio Argolo, pela importante parceria com a institui\u00e7\u00e3o e contribui\u00e7\u00e3o nas atividades desenvolvidas pela associa\u00e7\u00e3o em prol das pessoas com defici\u00eancia f\u00edsica.<\/p>\n<p>A solenidade de entrega da mo\u00e7\u00e3o ao SINSERV, ainda ampliou-se com mais duas outorgas sendo mo\u00e7\u00e3o uma ao\u00a0<span style=\"font-style: inherit; font-weight: inherit;\">Vereador Jo\u00e3o Cunha e outra ao Padre In\u00e1cio. Na oportunidade, o presidente Josu\u00e9 Caldas agradeceu aos homenageados e refor\u00e7ou a necessidade de continuar a parceria, fortalecendo as a\u00e7\u00f5es desenvolvidas pelos membros da referida associa\u00e7\u00e3o.<\/span><\/p>\n<p><strong>Campanha educativa no tr\u00e2nsito<\/strong><\/p>\n<p>Ficou definida no encontro de hoje, a realiza\u00e7\u00e3o da 1\u00aa Blitz com uma Campanha Educativa no Tr\u00e2nsito de Jequi\u00e9 (28\/05). De acordo com Josu\u00e9 Caldas, a ideia \u00e9 fiscalizar os condutores e as condi\u00e7\u00f5es dos espa\u00e7os p\u00fablicos em rela\u00e7\u00e3o ao acesso das pessoas portadoras de necessidades especiais.<\/p>\n<p style=\"font-style: inherit; font-weight: inherit;\">Desde o in\u00edcio do ano a ADEFIJ vem desenvolvendo a\u00e7\u00f5es dessa natureza, aplicando multas morais e coletando v\u00e1rias fotos que comprovam flagrantes de falta de respeito ao deficiente.<\/p>\n<p style=\"font-style: inherit; font-weight: inherit;\">Para os organizadores, algumas situa\u00e7\u00f5es j\u00e1 foram resolvidas pelos \u00f3rg\u00e3os p\u00fablicos. Contudo, \u00e9 importante fortalecer a campanha educativa, que contar\u00e1 com o apoio do SINSERV, PRF, PM, igreja cat\u00f3lica, demais institui\u00e7\u00f5es, empresas, \u00f3rg\u00e3os p\u00fablicos e pessoas da comunidade.<\/p>\n<p><em>Texto e foto: Antonio Argolo\/SINSERV<\/em><\/p>\n<div class=\"text_exposed_show\">\n<p><a href=\"https:\/\/sinservregional.com.br\/site\/wp-content\/uploads\/2015\/05\/4.jpg\"><img loading=\"lazy\" decoding=\"async\" class=\"alignnone size-full wp-image-4362\" src=\"https:\/\/sinservregional.com.br\/site\/wp-content\/uploads\/2015\/05\/4.jpg\" alt=\"4\" width=\"960\" height=\"640\" srcset=\"https:\/\/sinservregional.com.br\/site\/wp-content\/uploads\/2015\/05\/4.jpg 960w, https:\/\/sinservregional.com.br\/site\/wp-content\/uploads\/2015\/05\/4-300x200.jpg 300w\" sizes=\"auto, (max-width: 960px) 100vw, 960px\" \/><\/a> <a href=\"https:\/\/sinservregional.com.br\/site\/wp-content\/uploads\/2015\/05\/3.jpg\"><img loading=\"lazy\" decoding=\"async\" class=\"alignnone size-full wp-image-4361\" src=\"https:\/\/sinservregional.com.br\/site\/wp-content\/uploads\/2015\/05\/3.jpg\" alt=\"3\" width=\"960\" height=\"640\" srcset=\"https:\/\/sinservregional.com.br\/site\/wp-content\/uploads\/2015\/05\/3.jpg 960w, https:\/\/sinservregional.com.br\/site\/wp-content\/uploads\/2015\/05\/3-300x200.jpg 300w\" sizes=\"auto, (max-width: 960px) 100vw, 960px\" \/><\/a> <a href=\"https:\/\/sinservregional.com.br\/site\/wp-content\/uploads\/2015\/05\/2.jpg\"><img loading=\"lazy\" decoding=\"async\" class=\"alignnone size-full wp-image-4360\" src=\"https:\/\/sinservregional.com.br\/site\/wp-content\/uploads\/2015\/05\/2.jpg\" alt=\"2\" width=\"960\" height=\"640\" srcset=\"https:\/\/sinservregional.com.br\/site\/wp-content\/uploads\/2015\/05\/2.jpg 960w, https:\/\/sinservregional.com.br\/site\/wp-content\/uploads\/2015\/05\/2-300x200.jpg 300w\" sizes=\"auto, (max-width: 960px) 100vw, 960px\" \/><\/a><\/p>\n<p>&nbsp;<\/p>\n<\/div>\n","protected":false},"excerpt":{"rendered":"<p>Na \u00faltima sexta-feira (22\/05) a Associa\u00e7\u00e3o dos Deficientes F\u00edsicos de Jequi\u00e9, Regi\u00e3o e Amigos (ADEFIJ) premiou o SINSERV com uma mo\u00e7\u00e3o de agradecimento. A mo\u00e7\u00e3o, assinada ainda em vida por Carlos Luiz de Oliveira Queiroz, presidente anterior da ADEFIJ, tem por objetivo agradecer ao sindicato, na pessoa dos seus representantes Ven\u00edcio Lucena e Antonio Argolo, &hellip; <\/p>\n","protected":false},"author":1,"featured_media":4359,"comment_status":"open","ping_status":"open","sticky":false,"template":"","format":"standard","meta":{"footnotes":""},"categories":[22,15],"tags":[],"class_list":["post-4358","post","type-post","status-publish","format-standard","has-post-thumbnail","hentry","category-destaques","category-c34-gerais"],"_links":{"self":[{"href":"https:\/\/sinservregional.com.br\/site\/index.php?rest_route=\/wp\/v2\/posts\/4358","targetHints":{"allow":["GET"]}}],"collection":[{"href":"https:\/\/sinservregional.com.br\/site\/index.php?rest_route=\/wp\/v2\/posts"}],"about":[{"href":"https:\/\/sinservregional.com.br\/site\/index.php?rest_route=\/wp\/v2\/types\/post"}],"author":[{"embeddable":true,"href":"https:\/\/sinservregional.com.br\/site\/index.php?rest_route=\/wp\/v2\/users\/1"}],"replies":[{"embeddable":true,"href":"https:\/\/sinservregional.com.br\/site\/index.php?rest_route=%2Fwp%2Fv2%2Fcomments&post=4358"}],"version-history":[{"count":3,"href":"https:\/\/sinservregional.com.br\/site\/index.php?rest_route=\/wp\/v2\/posts\/4358\/revisions"}],"predecessor-version":[{"id":6926,"href":"https:\/\/sinservregional.com.br\/site\/index.php?rest_route=\/wp\/v2\/posts\/4358\/revisions\/6926"}],"wp:featuredmedia":[{"embeddable":true,"href":"https:\/\/sinservregional.com.br\/site\/index.php?rest_route=\/wp\/v2\/media\/4359"}],"wp:attachment":[{"href":"https:\/\/sinservregional.com.br\/site\/index.php?rest_route=%2Fwp%2Fv2%2Fmedia&parent=4358"}],"wp:term":[{"taxonomy":"category","embeddable":true,"href":"https:\/\/sinservregional.com.br\/site\/index.php?rest_route=%2Fwp%2Fv2%2Fcategories&post=4358"},{"taxonomy":"post_tag","embeddable":true,"href":"https:\/\/sinservregional.com.br\/site\/index.php?rest_route=%2Fwp%2Fv2%2Ftags&post=4358"}],"curies":[{"name":"wp","href":"https:\/\/api.w.org\/{rel}","templated":true}]}}