{"id":4031,"date":"2015-03-12T13:56:34","date_gmt":"2015-03-12T13:56:34","guid":{"rendered":"http:\/\/sinservregional.com.br\/site\/?p=4031"},"modified":"2015-03-13T16:11:01","modified_gmt":"2015-03-13T16:11:01","slug":"ctb-e-sindicados-filiados-farao-manifestacao-nesta-sexta-feira","status":"publish","type":"post","link":"https:\/\/sinservregional.com.br\/site\/?p=4031","title":{"rendered":"CTB e sindicados filiados far\u00e3o manifesta\u00e7\u00e3o nesta sexta-feira"},"content":{"rendered":"<p><a href=\"https:\/\/sinservregional.com.br\/site\/wp-content\/uploads\/2015\/03\/AVISO_ctb.png\"><img loading=\"lazy\" decoding=\"async\" class=\"alignnone size-medium wp-image-4032\" src=\"https:\/\/sinservregional.com.br\/site\/wp-content\/uploads\/2015\/03\/AVISO_ctb-300x300.png\" alt=\"AVISO_ctb\" width=\"300\" height=\"300\" srcset=\"https:\/\/sinservregional.com.br\/site\/wp-content\/uploads\/2015\/03\/AVISO_ctb-300x300.png 300w, https:\/\/sinservregional.com.br\/site\/wp-content\/uploads\/2015\/03\/AVISO_ctb-150x150.png 150w, https:\/\/sinservregional.com.br\/site\/wp-content\/uploads\/2015\/03\/AVISO_ctb-1024x1024.png 1024w\" sizes=\"auto, (max-width: 300px) 100vw, 300px\" \/><\/a><\/p>\n<p>A CTB e os sindicatos filiados convidam toda comunidade para participar de uma manifesta\u00e7\u00e3o em Jequi\u00e9, na pra\u00e7a Ruy Barbosa, sexta-feira (13\/03), \u00e0s 16:30.<\/p>\n<p>A manifesta\u00e7\u00e3o ser\u00e1 em defesa da democracia, dos direitos dos trabalhadores, da Petrobr\u00e1s, pela reforma pol\u00edtica e luta contra a corrup\u00e7\u00e3o.<\/p>\n<p>O ato est\u00e1 programado para acontecer nas capitais e em v\u00e1rios munic\u00edpios brasileiros. Os participantes tamb\u00e9m v\u00e3o se pronunciar contra a proposta golpista de impeachment da presidente Dilma.<\/p>\n","protected":false},"excerpt":{"rendered":"<p>A CTB e os sindicatos filiados convidam toda comunidade para participar de uma manifesta\u00e7\u00e3o em Jequi\u00e9, na pra\u00e7a Ruy Barbosa, sexta-feira (13\/03), \u00e0s 16:30. A manifesta\u00e7\u00e3o ser\u00e1 em defesa da democracia, dos direitos dos trabalhadores, da Petrobr\u00e1s, pela reforma pol\u00edtica e luta contra a corrup\u00e7\u00e3o. O ato est\u00e1 programado para acontecer nas capitais e em &hellip; <\/p>\n","protected":false},"author":1,"featured_media":4032,"comment_status":"closed","ping_status":"closed","sticky":false,"template":"","format":"standard","meta":{"footnotes":""},"categories":[22,18],"tags":[],"class_list":["post-4031","post","type-post","status-publish","format-standard","has-post-thumbnail","hentry","category-destaques","category-c37-eventos"],"_links":{"self":[{"href":"https:\/\/sinservregional.com.br\/site\/index.php?rest_route=\/wp\/v2\/posts\/4031","targetHints":{"allow":["GET"]}}],"collection":[{"href":"https:\/\/sinservregional.com.br\/site\/index.php?rest_route=\/wp\/v2\/posts"}],"about":[{"href":"https:\/\/sinservregional.com.br\/site\/index.php?rest_route=\/wp\/v2\/types\/post"}],"author":[{"embeddable":true,"href":"https:\/\/sinservregional.com.br\/site\/index.php?rest_route=\/wp\/v2\/users\/1"}],"replies":[{"embeddable":true,"href":"https:\/\/sinservregional.com.br\/site\/index.php?rest_route=%2Fwp%2Fv2%2Fcomments&post=4031"}],"version-history":[{"count":1,"href":"https:\/\/sinservregional.com.br\/site\/index.php?rest_route=\/wp\/v2\/posts\/4031\/revisions"}],"predecessor-version":[{"id":4033,"href":"https:\/\/sinservregional.com.br\/site\/index.php?rest_route=\/wp\/v2\/posts\/4031\/revisions\/4033"}],"wp:featuredmedia":[{"embeddable":true,"href":"https:\/\/sinservregional.com.br\/site\/index.php?rest_route=\/wp\/v2\/media\/4032"}],"wp:attachment":[{"href":"https:\/\/sinservregional.com.br\/site\/index.php?rest_route=%2Fwp%2Fv2%2Fmedia&parent=4031"}],"wp:term":[{"taxonomy":"category","embeddable":true,"href":"https:\/\/sinservregional.com.br\/site\/index.php?rest_route=%2Fwp%2Fv2%2Fcategories&post=4031"},{"taxonomy":"post_tag","embeddable":true,"href":"https:\/\/sinservregional.com.br\/site\/index.php?rest_route=%2Fwp%2Fv2%2Ftags&post=4031"}],"curies":[{"name":"wp","href":"https:\/\/api.w.org\/{rel}","templated":true}]}}