{"id":3878,"date":"2014-10-17T19:24:08","date_gmt":"2014-10-17T19:24:08","guid":{"rendered":"http:\/\/sinservregional.com.br\/site\/?page_id=3878"},"modified":"2017-05-23T16:46:35","modified_gmt":"2017-05-23T16:46:35","slug":"2014-10-17-19-29-07","status":"publish","type":"post","link":"https:\/\/sinservregional.com.br\/site\/?p=3878","title":{"rendered":"Acabou a paralisa\u00e7\u00e3o em Jequi\u00e9, depois de 15 dias servidores voltam ao trabalho"},"content":{"rendered":"<p><img loading=\"lazy\" decoding=\"async\" class=\" size-full wp-image-3877\" src=\"https:\/\/sinservregional.com.br\/site\/wp-content\/uploads\/2014\/10\/a-12.jpg\" alt=\"\" width=\"398\" height=\"398\" border=\"0\" srcset=\"https:\/\/sinservregional.com.br\/site\/wp-content\/uploads\/2014\/10\/a-12.jpg 398w, https:\/\/sinservregional.com.br\/site\/wp-content\/uploads\/2014\/10\/a-12-150x150.jpg 150w, https:\/\/sinservregional.com.br\/site\/wp-content\/uploads\/2014\/10\/a-12-300x300.jpg 300w\" sizes=\"auto, (max-width: 398px) 100vw, 398px\" \/><\/p>\n<div class=\"\" data-block=\"true\" data-editor=\"aelah\" data-offset-key=\"4dmsv-0-0\">\n<div class=\"_1mf _1mj\" data-offset-key=\"4dmsv-0-0\"><span data-offset-key=\"4dmsv-0-0\"><span data-text=\"true\">Acabou a paralisa\u00e7\u00e3o unificada dos servidores p\u00fablicos municipais de Jequi\u00e9. A decis\u00e3o saiu na assembleia da manh\u00e3 de hoje (17\/10), mediada pelos sindicatos SINSERV, APLB e SIND ACS\/ACE no audit\u00f3rio da Terceira Vis\u00e3o. <\/span><\/span><\/div>\n<\/div>\n<div class=\"\" data-block=\"true\" data-editor=\"aelah\" data-offset-key=\"2je13-0-0\">\n<div class=\"_1mf _1mj\" data-offset-key=\"2je13-0-0\"><span data-offset-key=\"2je13-0-0\">\u00a0<\/span><\/div>\n<\/div>\n<div class=\"\" data-block=\"true\" data-editor=\"aelah\" data-offset-key=\"aua7h-0-0\">\n<div class=\"_1mf _1mj\" data-offset-key=\"aua7h-0-0\"><span data-offset-key=\"aua7h-0-0\"><span data-text=\"true\">Fazia parte do movimento paredista a confirma\u00e7\u00e3o de pagamento em atraso da categoria. Ap\u00f3s confirma\u00e7\u00e3o em assembleia sobre o recebimento do sal\u00e1rio referente a setembro, que sofreu um atraso de 15 dias. os servidores foram orientados a retornar ao trabalho, tarde desta sexta-feira.<\/span><\/span><\/div>\n<\/div>\n<div class=\"\" data-block=\"true\" data-editor=\"aelah\" data-offset-key=\"8juoj-0-0\">\n<div class=\"_1mf _1mj\" data-offset-key=\"8juoj-0-0\"><span data-offset-key=\"8juoj-0-0\">\u00a0<\/span><\/div>\n<\/div>\n<div class=\"\" data-block=\"true\" data-editor=\"aelah\" data-offset-key=\"a1ba7-0-0\">\n<div class=\"_1mf _1mj\" data-offset-key=\"a1ba7-0-0\"><span data-offset-key=\"a1ba7-0-0\"><span data-text=\"true\">Apenas houve exce\u00e7\u00e3o dos professores, eles decidiram voltar na segunda-feira por conta de que ter\u00e3o de avisar a comunidade sobre o retorno \u00e0s aulas. <\/span><\/span><\/div>\n<\/div>\n<div class=\"\" data-block=\"true\" data-editor=\"aelah\" data-offset-key=\"1sok3-0-0\">\n<div class=\"_1mf _1mj\" data-offset-key=\"1sok3-0-0\"><span data-offset-key=\"1sok3-0-0\">\u00a0<\/span><\/div>\n<\/div>\n<div class=\"\" data-block=\"true\" data-editor=\"aelah\" data-offset-key=\"8riqr-0-0\">\n<div class=\"_1mf _1mj\" data-offset-key=\"8riqr-0-0\"><span data-offset-key=\"8riqr-0-0\"><span data-text=\"true\">As entidades sindicais organizadoras do movimento paredista parabenizam a todos os servidores pelo empenho na paralisa\u00e7\u00e3o. <\/span><\/span><\/div>\n<\/div>\n<div class=\"\" data-block=\"true\" data-editor=\"aelah\" data-offset-key=\"3ir6v-0-0\">\n<div class=\"_1mf _1mj\" data-offset-key=\"3ir6v-0-0\"><span data-offset-key=\"3ir6v-0-0\">\u00a0<\/span><\/div>\n<\/div>\n<div class=\"\" data-block=\"true\" data-editor=\"aelah\" data-offset-key=\"9mdg3-0-0\">\n<div class=\"_1mf _1mj\" data-offset-key=\"9mdg3-0-0\"><span data-offset-key=\"9mdg3-0-0\"><span data-text=\"true\">Nossa luta continua, sem luta n\u00e3o h\u00e1 vit\u00f3ria.<\/span><\/span><\/div>\n<\/div>\n","protected":false},"excerpt":{"rendered":"<p>Acabou a paralisa\u00e7\u00e3o unificada dos servidores p\u00fablicos municipais de Jequi\u00e9. A decis\u00e3o saiu na assembleia da manh\u00e3 de hoje (17\/10), mediada pelos sindicatos SINSERV, APLB e SIND ACS\/ACE no audit\u00f3rio da Terceira Vis\u00e3o. \u00a0 Fazia parte do movimento paredista a confirma\u00e7\u00e3o de pagamento em atraso da categoria. Ap\u00f3s confirma\u00e7\u00e3o em assembleia sobre o recebimento do &hellip; <\/p>\n","protected":false},"author":1,"featured_media":3877,"comment_status":"open","ping_status":"open","sticky":false,"template":"","format":"standard","meta":{"footnotes":""},"categories":[22,15],"tags":[],"class_list":["post-3878","post","type-post","status-publish","format-standard","has-post-thumbnail","hentry","category-destaques","category-c34-gerais"],"_links":{"self":[{"href":"https:\/\/sinservregional.com.br\/site\/index.php?rest_route=\/wp\/v2\/posts\/3878","targetHints":{"allow":["GET"]}}],"collection":[{"href":"https:\/\/sinservregional.com.br\/site\/index.php?rest_route=\/wp\/v2\/posts"}],"about":[{"href":"https:\/\/sinservregional.com.br\/site\/index.php?rest_route=\/wp\/v2\/types\/post"}],"author":[{"embeddable":true,"href":"https:\/\/sinservregional.com.br\/site\/index.php?rest_route=\/wp\/v2\/users\/1"}],"replies":[{"embeddable":true,"href":"https:\/\/sinservregional.com.br\/site\/index.php?rest_route=%2Fwp%2Fv2%2Fcomments&post=3878"}],"version-history":[{"count":2,"href":"https:\/\/sinservregional.com.br\/site\/index.php?rest_route=\/wp\/v2\/posts\/3878\/revisions"}],"predecessor-version":[{"id":6538,"href":"https:\/\/sinservregional.com.br\/site\/index.php?rest_route=\/wp\/v2\/posts\/3878\/revisions\/6538"}],"wp:featuredmedia":[{"embeddable":true,"href":"https:\/\/sinservregional.com.br\/site\/index.php?rest_route=\/wp\/v2\/media\/3877"}],"wp:attachment":[{"href":"https:\/\/sinservregional.com.br\/site\/index.php?rest_route=%2Fwp%2Fv2%2Fmedia&parent=3878"}],"wp:term":[{"taxonomy":"category","embeddable":true,"href":"https:\/\/sinservregional.com.br\/site\/index.php?rest_route=%2Fwp%2Fv2%2Fcategories&post=3878"},{"taxonomy":"post_tag","embeddable":true,"href":"https:\/\/sinservregional.com.br\/site\/index.php?rest_route=%2Fwp%2Fv2%2Ftags&post=3878"}],"curies":[{"name":"wp","href":"https:\/\/api.w.org\/{rel}","templated":true}]}}