{"id":3875,"date":"2014-10-15T00:00:00","date_gmt":"2014-10-15T00:00:00","guid":{"rendered":"http:\/\/sinservregional.com.br\/site\/?page_id=3875"},"modified":"2017-05-30T00:13:20","modified_gmt":"2017-05-30T00:13:20","slug":"2014-10-16-20-31-54","status":"publish","type":"post","link":"https:\/\/sinservregional.com.br\/site\/?p=3875","title":{"rendered":"Servidores mant\u00eam paralisa\u00e7\u00e3o unificada, protestos repudiam a intimida\u00e7\u00e3o do movimento"},"content":{"rendered":"<p><a href=\"https:\/\/sinservregional.com.br\/site\/wp-content\/uploads\/2014\/10\/16835896955_d12556e042_h.jpg\"><img loading=\"lazy\" decoding=\"async\" class=\"alignnone size-large wp-image-6771\" src=\"https:\/\/sinservregional.com.br\/site\/wp-content\/uploads\/2014\/10\/16835896955_d12556e042_h-1024x687.jpg\" alt=\"16835896955_d12556e042_h\" width=\"1024\" height=\"687\" srcset=\"https:\/\/sinservregional.com.br\/site\/wp-content\/uploads\/2014\/10\/16835896955_d12556e042_h-1024x687.jpg 1024w, https:\/\/sinservregional.com.br\/site\/wp-content\/uploads\/2014\/10\/16835896955_d12556e042_h-300x200.jpg 300w, https:\/\/sinservregional.com.br\/site\/wp-content\/uploads\/2014\/10\/16835896955_d12556e042_h.jpg 1600w\" sizes=\"auto, (max-width: 1024px) 100vw, 1024px\" \/><\/a>Quarta-feira (15\/10), marcada por mais um dia de luta na paralisa\u00e7\u00e3o unificada dos servidores municipais, que aguardam o recebimento do sal\u00e1rio ainda n\u00e3o pago pela Prefeitura Municipal de Jequi\u00e9 (PMJ). Pela manh\u00e3 as entidades sindicais SINSERV, SIND ACS\/ACE e APLB conduziram mais uma reuni\u00e3o com a categoria na C\u00e2mara de Vereadores para tratar do assunto.<\/p>\n<div class=\"\" data-block=\"true\" data-editor=\"91ltk\" data-offset-key=\"dhb78-0-0\">\n<div class=\"_1mf _1mj\" data-offset-key=\"dhb78-0-0\">A assembleia iniciou com discuss\u00e3o favor\u00e1vel sobre a aprova\u00e7\u00e3o do or\u00e7amento da PMJ pelos vereadores, ocorrida na \u00faltima ter\u00e7a-feira \u00e0 noite. Tamb\u00e9m aproveitaram para comemorar o Dia do Professor. A Profa. Caroline Morais foi escolhida para representar os educadores e com rosas vermelhas eles foram lembrados pela sua luta e import\u00e2ncia de exercer o ato de educar.<\/div>\n<\/div>\n<div class=\"\" data-block=\"true\" data-editor=\"91ltk\" data-offset-key=\"8o30p-0-0\">\n<div class=\"_1mf _1mj\" data-offset-key=\"8o30p-0-0\"><span data-offset-key=\"8o30p-0-0\">\u00a0<\/span><\/div>\n<\/div>\n<div class=\"\" data-block=\"true\" data-editor=\"91ltk\" data-offset-key=\"64icl-0-0\">\n<div class=\"_1mf _1mj\" data-offset-key=\"64icl-0-0\"><span data-offset-key=\"64icl-0-0\"><span data-text=\"true\">Os trabalhos concluiram com a decis\u00e3o unanime da categoria em manter a paralisa\u00e7\u00e3o dos servi\u00e7os enquanto aguarda a libera\u00e7\u00e3o do sal\u00e1rio na conta. J\u00e1 no final da tarde as institui\u00e7\u00f5es sindicais receberam a informa\u00e7\u00e3o de que o pagamento j\u00e1 estava liberado pela Prefeitura de Jequi\u00e9 e v\u00e1rias pessoas sinalizaram saques no banco. Contudo ainda faltou a folha do IPREJ, que, segundo o executivo, j\u00e1 est\u00e1 prevista para o final da manh\u00e3 de quinta-feira (15).<\/span><\/span><\/div>\n<\/div>\n<div class=\"\" data-block=\"true\" data-editor=\"91ltk\" data-offset-key=\"b22ia-0-0\">\n<div class=\"_1mf _1mj\" data-offset-key=\"b22ia-0-0\"><span data-offset-key=\"b22ia-0-0\">\u00a0<\/span><\/div>\n<\/div>\n<div class=\"\" data-block=\"true\" data-editor=\"91ltk\" data-offset-key=\"9h1sa-0-0\">\n<div class=\"_1mf _1mj\" data-offset-key=\"9h1sa-0-0\"><strong><span data-offset-key=\"9h1sa-0-0\"><span data-text=\"true\">Decis\u00f5es sobre a paralisa\u00e7\u00e3o<\/span><\/span><\/strong><\/div>\n<\/div>\n<div class=\"\" data-block=\"true\" data-editor=\"91ltk\" data-offset-key=\"cf5vd-0-0\">\n<div class=\"_1mf _1mj\" data-offset-key=\"cf5vd-0-0\"><span data-offset-key=\"cf5vd-0-0\"><span data-text=\"true\">O motivo da paralisa\u00e7\u00e3o dos servidores foi o n\u00e3o pagamento do sal\u00e1rio, atraso de 15 dias. Mesmo com o dinheiro em conta, conforme decidido em assembleia, a paralisa\u00e7\u00e3o prossegue at\u00e9 dia 17. A Justificativa \u00e9 aguardar a normaliza\u00e7\u00e3o do pagamento, incluindo a libera\u00e7\u00e3o da folha dos inativos pelo IPREJ. Os servidores voltam a se reunir na sexta-feira para avaliar o rumo do movimento. A assembleia est\u00e1 marcada para \u00e0s 09:00, no audit\u00f3rio da Terceira Vis\u00e3o.<\/span><\/span><\/div>\n<\/div>\n<div class=\"\" data-block=\"true\" data-editor=\"91ltk\" data-offset-key=\"9l2f2-0-0\">\n<div class=\"_1mf _1mj\" data-offset-key=\"9l2f2-0-0\"><span data-offset-key=\"9l2f2-0-0\">\u00a0<\/span><\/div>\n<\/div>\n<div class=\"\" data-block=\"true\" data-editor=\"91ltk\" data-offset-key=\"dkklq-0-0\">\n<div class=\"_1mf _1mj\" data-offset-key=\"dkklq-0-0\"><span data-offset-key=\"dkklq-0-0\"><span data-text=\"true\">Outro ponto decidido pela categoria foi uma passeata com carro de som at\u00e9 \u00e0 Secretaria de Sa\u00fade. A intens\u00e3o \u00e9 fazer um ato de rep\u00fadio ao atual Secret\u00e1rio da pasta pelos constrangimentos causados a v\u00e1rios participantes do movimento paredista. H\u00e1 ind\u00edcio de que, algu\u00e9m ligado \u00e0 Secretaria de Sa\u00fade, chamou a pol\u00edcia para tentar intimidar a paralisa\u00e7\u00e3o dos trabalhadores, que ocorreu em frente aos centros de sa\u00fade e contou com a conscientiza\u00e7\u00e3o da comunidade sobre o problema.<\/span><\/span><\/div>\n<\/div>\n<div class=\"\" data-block=\"true\" data-editor=\"91ltk\" data-offset-key=\"5c26i-0-0\">\n<div class=\"_1mf _1mj\" data-offset-key=\"5c26i-0-0\"><span data-offset-key=\"5c26i-0-0\">\u00a0<\/span><\/div>\n<\/div>\n<div class=\"\" data-block=\"true\" data-editor=\"91ltk\" data-offset-key=\"d9i82-0-0\">\n<div class=\"_1mf _1mj\" data-offset-key=\"d9i82-0-0\"><span data-offset-key=\"d9i82-0-0\"><span data-text=\"true\">Ap\u00f3s encerramento da assembleia um grupo numeroso de diretores sindicais e servidores concentraram em frente \u00e0 Secretaria de Sa\u00fade, gritaram por respeito e em prol da legitimidade das entidades sindicais na luta dos interesses da categoria. <\/span><\/span><\/div>\n<\/div>\n<div class=\"\" data-block=\"true\" data-editor=\"91ltk\" data-offset-key=\"ar9t3-0-0\">\n<div class=\"_1mf _1mj\" data-offset-key=\"ar9t3-0-0\"><span data-offset-key=\"ar9t3-0-0\">\u00a0<\/span><\/div>\n<\/div>\n<div class=\"\" data-block=\"true\" data-editor=\"91ltk\" data-offset-key=\"e9513-0-0\">\n<div class=\"_1mf _1mj\" data-offset-key=\"e9513-0-0\"><span data-offset-key=\"e9513-0-0\"><span data-text=\"true\">Os trabalhadores estavam indignados com a atitude do gestor em querer minar o movimento. &#8220;At\u00e9 porque n\u00e3o podemos trabalhar sem receber. Na verdade o governo deveria estar mais preocupado era em resolver a situa\u00e7\u00e3o, garantindo o pagamento em dia do sal\u00e1rio em atraso&#8221;, protestou um servidor.<\/span><\/span><\/div>\n<\/div>\n<div class=\"\" data-block=\"true\" data-editor=\"91ltk\" data-offset-key=\"8vv5m-0-0\">\n<div class=\"_1mf _1mj\" data-offset-key=\"8vv5m-0-0\"><em><span data-offset-key=\"8vv5m-0-0\">\u00a0<\/span><\/em><\/div>\n<\/div>\n<div class=\"\" data-block=\"true\" data-editor=\"91ltk\" data-offset-key=\"2b02h-0-0\">\n<div class=\"_1mf _1mj\" data-offset-key=\"2b02h-0-0\"><em><span data-offset-key=\"2b02h-0-0\"><span data-text=\"true\">Antonio Argolo\/SINSERV.<\/span><\/span><\/em><\/div>\n<div class=\"_1mf _1mj\" data-offset-key=\"2b02h-0-0\"><a href=\"https:\/\/sinservregional.com.br\/site\/wp-content\/uploads\/2014\/10\/16215920393_ec2d581dbb_h.jpg\"><img loading=\"lazy\" decoding=\"async\" class=\"alignnone size-large wp-image-6770\" src=\"https:\/\/sinservregional.com.br\/site\/wp-content\/uploads\/2014\/10\/16215920393_ec2d581dbb_h-1024x687.jpg\" alt=\"16215920393_ec2d581dbb_h\" width=\"1024\" height=\"687\" srcset=\"https:\/\/sinservregional.com.br\/site\/wp-content\/uploads\/2014\/10\/16215920393_ec2d581dbb_h-1024x687.jpg 1024w, https:\/\/sinservregional.com.br\/site\/wp-content\/uploads\/2014\/10\/16215920393_ec2d581dbb_h-300x200.jpg 300w, https:\/\/sinservregional.com.br\/site\/wp-content\/uploads\/2014\/10\/16215920393_ec2d581dbb_h.jpg 1600w\" sizes=\"auto, (max-width: 1024px) 100vw, 1024px\" \/><\/a><\/div>\n<\/div>\n","protected":false},"excerpt":{"rendered":"<p>Quarta-feira (15\/10), marcada por mais um dia de luta na paralisa\u00e7\u00e3o unificada dos servidores municipais, que aguardam o recebimento do sal\u00e1rio ainda n\u00e3o pago pela Prefeitura Municipal de Jequi\u00e9 (PMJ). Pela manh\u00e3 as entidades sindicais SINSERV, SIND ACS\/ACE e APLB conduziram mais uma reuni\u00e3o com a categoria na C\u00e2mara de Vereadores para tratar do assunto. &hellip; <\/p>\n","protected":false},"author":1,"featured_media":6771,"comment_status":"open","ping_status":"open","sticky":false,"template":"","format":"standard","meta":{"footnotes":""},"categories":[22,15],"tags":[],"class_list":["post-3875","post","type-post","status-publish","format-standard","has-post-thumbnail","hentry","category-destaques","category-c34-gerais"],"_links":{"self":[{"href":"https:\/\/sinservregional.com.br\/site\/index.php?rest_route=\/wp\/v2\/posts\/3875","targetHints":{"allow":["GET"]}}],"collection":[{"href":"https:\/\/sinservregional.com.br\/site\/index.php?rest_route=\/wp\/v2\/posts"}],"about":[{"href":"https:\/\/sinservregional.com.br\/site\/index.php?rest_route=\/wp\/v2\/types\/post"}],"author":[{"embeddable":true,"href":"https:\/\/sinservregional.com.br\/site\/index.php?rest_route=\/wp\/v2\/users\/1"}],"replies":[{"embeddable":true,"href":"https:\/\/sinservregional.com.br\/site\/index.php?rest_route=%2Fwp%2Fv2%2Fcomments&post=3875"}],"version-history":[{"count":7,"href":"https:\/\/sinservregional.com.br\/site\/index.php?rest_route=\/wp\/v2\/posts\/3875\/revisions"}],"predecessor-version":[{"id":6773,"href":"https:\/\/sinservregional.com.br\/site\/index.php?rest_route=\/wp\/v2\/posts\/3875\/revisions\/6773"}],"wp:featuredmedia":[{"embeddable":true,"href":"https:\/\/sinservregional.com.br\/site\/index.php?rest_route=\/wp\/v2\/media\/6771"}],"wp:attachment":[{"href":"https:\/\/sinservregional.com.br\/site\/index.php?rest_route=%2Fwp%2Fv2%2Fmedia&parent=3875"}],"wp:term":[{"taxonomy":"category","embeddable":true,"href":"https:\/\/sinservregional.com.br\/site\/index.php?rest_route=%2Fwp%2Fv2%2Fcategories&post=3875"},{"taxonomy":"post_tag","embeddable":true,"href":"https:\/\/sinservregional.com.br\/site\/index.php?rest_route=%2Fwp%2Fv2%2Ftags&post=3875"}],"curies":[{"name":"wp","href":"https:\/\/api.w.org\/{rel}","templated":true}]}}