{"id":3843,"date":"2014-09-29T11:47:57","date_gmt":"2014-09-29T11:47:57","guid":{"rendered":"http:\/\/sinservregional.com.br\/site\/?page_id=3843"},"modified":"2017-05-22T18:40:02","modified_gmt":"2017-05-22T18:40:02","slug":"2014-09-29-11-56-49","status":"publish","type":"post","link":"https:\/\/sinservregional.com.br\/site\/?p=3843","title":{"rendered":"Outubro est\u00e1 cheio de novidades, fique atento para o per\u00edodo eleitoral"},"content":{"rendered":"<p><img loading=\"lazy\" decoding=\"async\" class=\" size-full wp-image-3842\" src=\"https:\/\/sinservregional.com.br\/site\/wp-content\/uploads\/2014\/09\/panfleto_sede_site.jpg\" alt=\"\" width=\"398\" height=\"563\" border=\"0\" srcset=\"https:\/\/sinservregional.com.br\/site\/wp-content\/uploads\/2014\/09\/panfleto_sede_site.jpg 398w, https:\/\/sinservregional.com.br\/site\/wp-content\/uploads\/2014\/09\/panfleto_sede_site-212x300.jpg 212w\" sizes=\"auto, (max-width: 398px) 100vw, 398px\" \/><\/p>\n<div class=\"\" data-block=\"true\" data-editor=\"e7f6o\" data-offset-key=\"f4t7m-0-0\">\n<div class=\"_1mf _1mj\" data-offset-key=\"f4t7m-0-0\"><span data-offset-key=\"f4t7m-0-0\"><span data-text=\"true\">Outubro se aproxima e trar\u00e1 muitas novidades aos nossos associados. <\/span><\/span><\/div>\n<\/div>\n<div class=\"\" data-block=\"true\" data-editor=\"e7f6o\" data-offset-key=\"fd60l-0-0\">\n<div class=\"_1mf _1mj\" data-offset-key=\"fd60l-0-0\"><span data-offset-key=\"fd60l-0-0\">\u00a0<\/span><\/div>\n<\/div>\n<div class=\"\" data-block=\"true\" data-editor=\"e7f6o\" data-offset-key=\"6strt-0-0\">\n<div class=\"_1mf _1mj\" data-offset-key=\"6strt-0-0\"><span data-offset-key=\"6strt-0-0\"><span data-text=\"true\">J\u00e1 estamos finalizando os detalhes para inaugura\u00e7\u00e3o da nova sede do SINSERV. Anote o endere\u00e7o: Avenida Rio Branco, 370, Centro (pr\u00f3ximo \u00e0 churrascaria Espeto de Ouro).<\/span><\/span><\/div>\n<\/div>\n<div class=\"\" data-block=\"true\" data-editor=\"e7f6o\" data-offset-key=\"1uv8f-0-0\">\n<div class=\"_1mf _1mj\" data-offset-key=\"1uv8f-0-0\"><span data-offset-key=\"1uv8f-0-0\">\u00a0<\/span><\/div>\n<\/div>\n<div class=\"\" data-block=\"true\" data-editor=\"e7f6o\" data-offset-key=\"2q7j6-0-0\">\n<div class=\"_1mf _1mj\" data-offset-key=\"2q7j6-0-0\"><span data-offset-key=\"2q7j6-0-0\"><span data-text=\"true\">Outras proposi\u00e7\u00f5es da diretoria \u00e9 a comemora\u00e7\u00e3o do Dia do Servidor, o anivers\u00e1rio do SINSERV, a implanta\u00e7\u00e3o da carteira de associados, as apresenta\u00e7\u00f5es do PCCV, os eventos alusivos \u00e0 sua culmin\u00e2ncia&#8230; Fique atento pois estaremos publicando em nossas m\u00eddias.<\/span><\/span><\/div>\n<\/div>\n<div class=\"\" data-block=\"true\" data-editor=\"e7f6o\" data-offset-key=\"d0gkt-0-0\">\n<div class=\"_1mf _1mj\" data-offset-key=\"d0gkt-0-0\"><span data-offset-key=\"d0gkt-0-0\">\u00a0<\/span><\/div>\n<\/div>\n<div class=\"\" data-block=\"true\" data-editor=\"e7f6o\" data-offset-key=\"62u56-0-0\">\n<div class=\"_1mf _1mj\" data-offset-key=\"62u56-0-0\"><strong><span data-offset-key=\"62u56-0-0\"><span data-text=\"true\">Elei\u00e7\u00f5es 2014<\/span><\/span><\/strong><\/div>\n<div class=\"_1mf _1mj\" data-offset-key=\"62u56-0-0\"><span data-offset-key=\"62u56-0-0\"><span data-text=\"true\">Em outubro tamb\u00e9m acontece as elei\u00e7\u00f5es 2014&#8230; N\u00e3o vamos nos esquecer de ir \u00e0s urnas para escolher os cargos eletivos de presidente, governador e deputado (estadual\/federal). Portanto, \u00e9 preciso que o trabalhador esteja atento \u00e0s propostas do seu candidato e votar com consci\u00eancia.<\/span><\/span><\/div>\n<\/div>\n<div class=\"\" data-block=\"true\" data-editor=\"e7f6o\" data-offset-key=\"ffq3d-0-0\">\n<div class=\"_1mf _1mj\" data-offset-key=\"ffq3d-0-0\"><span data-offset-key=\"ffq3d-0-0\">\u00a0<\/span><\/div>\n<\/div>\n<div class=\"\" data-block=\"true\" data-editor=\"e7f6o\" data-offset-key=\"2bo5f-0-0\">\n<div class=\"_1mf _1mj\" data-offset-key=\"2bo5f-0-0\"><span data-offset-key=\"2bo5f-0-0\"><span data-text=\"true\">O SINSERV fortalece o apoio aos candidatos que est\u00e3o comprometido com as pol\u00edticas de valoriza\u00e7\u00e3o do trabalhador. Sobretudo porque \u00e9 preciso avan\u00e7ar e ampliar as propostas sociais, que contemple a maioria da popula\u00e7\u00e3o que entendemos ser a classe trabalhadora. <\/span><\/span><\/div>\n<\/div>\n<div class=\"\" data-block=\"true\" data-editor=\"e7f6o\" data-offset-key=\"ed0l9-0-0\">\n<div class=\"_1mf _1mj\" data-offset-key=\"ed0l9-0-0\"><span data-offset-key=\"ed0l9-0-0\">\u00a0<\/span><\/div>\n<\/div>\n<div class=\"\" data-block=\"true\" data-editor=\"e7f6o\" data-offset-key=\"cvlpn-0-0\">\n<div class=\"_1mf _1mj\" data-offset-key=\"cvlpn-0-0\"><span data-offset-key=\"cvlpn-0-0\"><span data-text=\"true\">\u00c9 preciso saber quem s\u00e3o os candidatos e se os seus projetos n\u00e3o est\u00e3o representando os interesses dos banqueiros, empres\u00e1rios e das classes dominantes. Trabalhador n\u00e3o vota e, burgu\u00eas, vota no candidato do trabalhador que ter\u00e1 a obriga\u00e7\u00e3o de represent\u00e1-lo nas inst\u00e2ncias superiores.<\/span><\/span><\/div>\n<\/div>\n","protected":false},"excerpt":{"rendered":"<p>Outubro se aproxima e trar\u00e1 muitas novidades aos nossos associados. \u00a0 J\u00e1 estamos finalizando os detalhes para inaugura\u00e7\u00e3o da nova sede do SINSERV. Anote o endere\u00e7o: Avenida Rio Branco, 370, Centro (pr\u00f3ximo \u00e0 churrascaria Espeto de Ouro). \u00a0 Outras proposi\u00e7\u00f5es da diretoria \u00e9 a comemora\u00e7\u00e3o do Dia do Servidor, o anivers\u00e1rio do SINSERV, a implanta\u00e7\u00e3o &hellip; <\/p>\n","protected":false},"author":1,"featured_media":3842,"comment_status":"open","ping_status":"open","sticky":false,"template":"","format":"standard","meta":{"footnotes":""},"categories":[22,15],"tags":[],"class_list":["post-3843","post","type-post","status-publish","format-standard","has-post-thumbnail","hentry","category-destaques","category-c34-gerais"],"_links":{"self":[{"href":"https:\/\/sinservregional.com.br\/site\/index.php?rest_route=\/wp\/v2\/posts\/3843","targetHints":{"allow":["GET"]}}],"collection":[{"href":"https:\/\/sinservregional.com.br\/site\/index.php?rest_route=\/wp\/v2\/posts"}],"about":[{"href":"https:\/\/sinservregional.com.br\/site\/index.php?rest_route=\/wp\/v2\/types\/post"}],"author":[{"embeddable":true,"href":"https:\/\/sinservregional.com.br\/site\/index.php?rest_route=\/wp\/v2\/users\/1"}],"replies":[{"embeddable":true,"href":"https:\/\/sinservregional.com.br\/site\/index.php?rest_route=%2Fwp%2Fv2%2Fcomments&post=3843"}],"version-history":[{"count":4,"href":"https:\/\/sinservregional.com.br\/site\/index.php?rest_route=\/wp\/v2\/posts\/3843\/revisions"}],"predecessor-version":[{"id":6496,"href":"https:\/\/sinservregional.com.br\/site\/index.php?rest_route=\/wp\/v2\/posts\/3843\/revisions\/6496"}],"wp:featuredmedia":[{"embeddable":true,"href":"https:\/\/sinservregional.com.br\/site\/index.php?rest_route=\/wp\/v2\/media\/3842"}],"wp:attachment":[{"href":"https:\/\/sinservregional.com.br\/site\/index.php?rest_route=%2Fwp%2Fv2%2Fmedia&parent=3843"}],"wp:term":[{"taxonomy":"category","embeddable":true,"href":"https:\/\/sinservregional.com.br\/site\/index.php?rest_route=%2Fwp%2Fv2%2Fcategories&post=3843"},{"taxonomy":"post_tag","embeddable":true,"href":"https:\/\/sinservregional.com.br\/site\/index.php?rest_route=%2Fwp%2Fv2%2Ftags&post=3843"}],"curies":[{"name":"wp","href":"https:\/\/api.w.org\/{rel}","templated":true}]}}