{"id":3841,"date":"2014-09-26T12:34:32","date_gmt":"2014-09-26T12:34:32","guid":{"rendered":"http:\/\/sinservregional.com.br\/site\/?page_id=3841"},"modified":"2017-05-22T18:50:13","modified_gmt":"2017-05-22T18:50:13","slug":"odeereuesb-convida-a-comunidade-para-participar-do-seu-tradicional-caruru","status":"publish","type":"post","link":"https:\/\/sinservregional.com.br\/site\/?p=3841","title":{"rendered":"Odeere\/Uesb convida a comunidade para o seu tradicional caruru"},"content":{"rendered":"<p><img loading=\"lazy\" decoding=\"async\" class=\" size-full wp-image-3840\" src=\"https:\/\/sinservregional.com.br\/site\/wp-content\/uploads\/2014\/09\/caruru.jpg\" alt=\"\" width=\"398\" height=\"147\" border=\"0\" srcset=\"https:\/\/sinservregional.com.br\/site\/wp-content\/uploads\/2014\/09\/caruru.jpg 398w, https:\/\/sinservregional.com.br\/site\/wp-content\/uploads\/2014\/09\/caruru-300x111.jpg 300w\" sizes=\"auto, (max-width: 398px) 100vw, 398px\" \/><\/p>\n<p style=\"text-align: left;\">Neste fim de semana o ODEERE\/UESB come\u00e7a a preparar o tradicional Caruru de Cosme e Dami\u00e3o, dos Er\u00eas, Ibejis e Wunjes.<\/p>\n<div class=\"\" style=\"text-align: left;\" data-block=\"true\" data-editor=\"e7f6o\" data-offset-key=\"6ac8u-0-0\">\n<div class=\"_1mf _1mj\" data-offset-key=\"6ac8u-0-0\">As atividades envolvem a pr\u00e1tica dos alunos da Extens\u00e3o, Especializa\u00e7\u00e3o e Mestrado. Fazem parte da aula da disciplina Antropologia das Popula\u00e7\u00f5es Afro-Brasileiras e Ind\u00edgenas, que ser\u00e1 realizada pela Profa. Dra. Marise de Santana.<\/div>\n<\/div>\n<div class=\"\" style=\"text-align: left;\" data-block=\"true\" data-editor=\"e7f6o\" data-offset-key=\"e8s3o-0-0\">\n<div class=\"_1mf _1mj\" data-offset-key=\"e8s3o-0-0\"><span data-offset-key=\"e8s3o-0-0\"><span data-text=\"true\">No domingo (28\/09) \u00e0s 15 horas acontece os festejos e envolve toda comunidade presente, sobretudo a popula\u00e7\u00e3o do bairro Pau Ferro.<\/span><\/span><\/div>\n<\/div>\n<div class=\"\" style=\"text-align: left;\" data-block=\"true\" data-editor=\"e7f6o\" data-offset-key=\"1ml38-0-0\">\n<div class=\"_1mf _1mj\" data-offset-key=\"1ml38-0-0\"><span data-offset-key=\"1ml38-0-0\">\u00a0<\/span><\/div>\n<\/div>\n<div class=\"\" style=\"text-align: left;\" data-block=\"true\" data-editor=\"e7f6o\" data-offset-key=\"bp73j-0-0\">\n<div class=\"_1mf _1mj\" data-offset-key=\"bp73j-0-0\"><span data-offset-key=\"bp73j-0-0\"><span data-text=\"true\">O \u00d3rg\u00e3o de Educa\u00e7\u00e3o e Rela\u00e7\u00f5es \u00c9tnicas &#8211; Odeere\/Uesb, aproveita para convidar a toda a comunidade de Jequi\u00e9 e regi\u00e3o para estar conosco nesse evento, que \u00e9 gratuito. Entretanto, caso algu\u00e9m tenha interesse de contribuir com algum donativo \u00e9 s\u00f3 entrar em contato com a institui\u00e7\u00e3o antes do preparativos.<\/span><\/span><\/div>\n<\/div>\n<div class=\"\" style=\"text-align: left;\" data-block=\"true\" data-editor=\"e7f6o\" data-offset-key=\"ctm2q-0-0\">\n<div class=\"_1mf _1mj\" data-offset-key=\"ctm2q-0-0\"><span data-offset-key=\"ctm2q-0-0\">\u00a0<\/span><\/div>\n<\/div>\n<div class=\"\" style=\"text-align: left;\" data-block=\"true\" data-editor=\"e7f6o\" data-offset-key=\"brhdd-0-0\">\n<div class=\"_1mf _1mj\" data-offset-key=\"brhdd-0-0\"><span data-offset-key=\"brhdd-0-0\"><span data-text=\"true\">O caruru ser\u00e1 realizado no Odeere (antigo Col\u00e9gio Dom Clim\u00e9rio), rua Jo\u00e3o Rosa, s\/n, Pau Ferro. Nosso contato telef\u00f4nico: 3526-2669.<\/span><\/span><\/div>\n<\/div>\n<div class=\"_1mf _1mj\" style=\"text-align: left;\" data-offset-key=\"brhdd-0-0\"><a href=\"http:\/\/odeereuesb.blogspot.com.br\/2014\/09\/odeere-se-prepara-para-o-caruru.html\" target=\"_blank\">Link da mat\u00e9ria.<\/a><\/div>\n","protected":false},"excerpt":{"rendered":"<p>Neste fim de semana o ODEERE\/UESB come\u00e7a a preparar o tradicional Caruru de Cosme e Dami\u00e3o, dos Er\u00eas, Ibejis e Wunjes. As atividades envolvem a pr\u00e1tica dos alunos da Extens\u00e3o, Especializa\u00e7\u00e3o e Mestrado. Fazem parte da aula da disciplina Antropologia das Popula\u00e7\u00f5es Afro-Brasileiras e Ind\u00edgenas, que ser\u00e1 realizada pela Profa. Dra. Marise de Santana. No &hellip; <\/p>\n","protected":false},"author":1,"featured_media":3840,"comment_status":"open","ping_status":"open","sticky":false,"template":"","format":"standard","meta":{"footnotes":""},"categories":[22,15],"tags":[],"class_list":["post-3841","post","type-post","status-publish","format-standard","has-post-thumbnail","hentry","category-destaques","category-c34-gerais"],"_links":{"self":[{"href":"https:\/\/sinservregional.com.br\/site\/index.php?rest_route=\/wp\/v2\/posts\/3841","targetHints":{"allow":["GET"]}}],"collection":[{"href":"https:\/\/sinservregional.com.br\/site\/index.php?rest_route=\/wp\/v2\/posts"}],"about":[{"href":"https:\/\/sinservregional.com.br\/site\/index.php?rest_route=\/wp\/v2\/types\/post"}],"author":[{"embeddable":true,"href":"https:\/\/sinservregional.com.br\/site\/index.php?rest_route=\/wp\/v2\/users\/1"}],"replies":[{"embeddable":true,"href":"https:\/\/sinservregional.com.br\/site\/index.php?rest_route=%2Fwp%2Fv2%2Fcomments&post=3841"}],"version-history":[{"count":3,"href":"https:\/\/sinservregional.com.br\/site\/index.php?rest_route=\/wp\/v2\/posts\/3841\/revisions"}],"predecessor-version":[{"id":6503,"href":"https:\/\/sinservregional.com.br\/site\/index.php?rest_route=\/wp\/v2\/posts\/3841\/revisions\/6503"}],"wp:featuredmedia":[{"embeddable":true,"href":"https:\/\/sinservregional.com.br\/site\/index.php?rest_route=\/wp\/v2\/media\/3840"}],"wp:attachment":[{"href":"https:\/\/sinservregional.com.br\/site\/index.php?rest_route=%2Fwp%2Fv2%2Fmedia&parent=3841"}],"wp:term":[{"taxonomy":"category","embeddable":true,"href":"https:\/\/sinservregional.com.br\/site\/index.php?rest_route=%2Fwp%2Fv2%2Fcategories&post=3841"},{"taxonomy":"post_tag","embeddable":true,"href":"https:\/\/sinservregional.com.br\/site\/index.php?rest_route=%2Fwp%2Fv2%2Ftags&post=3841"}],"curies":[{"name":"wp","href":"https:\/\/api.w.org\/{rel}","templated":true}]}}