{"id":3755,"date":"2014-04-29T19:00:24","date_gmt":"2014-04-29T19:00:24","guid":{"rendered":"http:\/\/sinservregional.com.br\/site\/?page_id=3755"},"modified":"2017-05-17T13:16:26","modified_gmt":"2017-05-17T13:16:26","slug":"servidores-paralisam-suas-atividades","status":"publish","type":"post","link":"https:\/\/sinservregional.com.br\/site\/?p=3755","title":{"rendered":"Nota sobre a paralisa\u00e7\u00e3o dos servidores p\u00fablicos municipais de Jequi\u00e9"},"content":{"rendered":"<div class=\"\" data-block=\"true\" data-editor=\"54t6h\" data-offset-key=\"29mul-0-0\">\n<div class=\"_1mf _1mj\" data-offset-key=\"29mul-0-0\"><span data-offset-key=\"29mul-0-0\"><span data-text=\"true\"><a href=\"https:\/\/sinservregional.com.br\/site\/wp-content\/uploads\/2014\/04\/NOTA_PARALISA\u00c7\u00c3O.png\"><img loading=\"lazy\" decoding=\"async\" class=\"alignnone size-large wp-image-6370\" src=\"https:\/\/sinservregional.com.br\/site\/wp-content\/uploads\/2014\/04\/NOTA_PARALISA\u00c7\u00c3O-1024x1024.png\" alt=\"NOTA_PARALISA\u00c7\u00c3O\" width=\"1024\" height=\"1024\" srcset=\"https:\/\/sinservregional.com.br\/site\/wp-content\/uploads\/2014\/04\/NOTA_PARALISA\u00c7\u00c3O-1024x1024.png 1024w, https:\/\/sinservregional.com.br\/site\/wp-content\/uploads\/2014\/04\/NOTA_PARALISA\u00c7\u00c3O-150x150.png 150w, https:\/\/sinservregional.com.br\/site\/wp-content\/uploads\/2014\/04\/NOTA_PARALISA\u00c7\u00c3O-300x300.png 300w, https:\/\/sinservregional.com.br\/site\/wp-content\/uploads\/2014\/04\/NOTA_PARALISA\u00c7\u00c3O.png 2048w\" sizes=\"auto, (max-width: 1024px) 100vw, 1024px\" \/><\/a>A situa\u00e7\u00e3o vivida pela popula\u00e7\u00e3o jequieense, relatada todos os dias por aqueles\/as, que utilizando dos meios de comunica\u00e7\u00e3o denunciam\u00a0 o quadro de in\u00e9rcia, imposto pelos gestores do nosso munic\u00edpio, aonde as promessas de campanha ainda n\u00e3o foram traduzidas em realidade concreta, sobretudo em \u00e1reas essenciais como sa\u00fade, educa\u00e7\u00e3o, infraestrutura, assist\u00eancia e servi\u00e7os p\u00fablicos,\u00a0 vem comprometendo tanto a qualidade dos servi\u00e7os oferecidos a popula\u00e7\u00e3o, como as condi\u00e7\u00f5es de trabalho e de bem estar dos nossos servidores.<\/span><\/span><\/div>\n<\/div>\n<div class=\"\" data-block=\"true\" data-editor=\"54t6h\" data-offset-key=\"d70a4-0-0\">\n<div class=\"_1mf _1mj\" data-offset-key=\"d70a4-0-0\"><span data-offset-key=\"d70a4-0-0\">\u00a0<\/span><\/div>\n<\/div>\n<div class=\"\" data-block=\"true\" data-editor=\"54t6h\" data-offset-key=\"9e9p8-0-0\">\n<div class=\"_1mf _1mj\" data-offset-key=\"9e9p8-0-0\"><span data-offset-key=\"9e9p8-0-0\"><span data-text=\"true\">Ainda assim, diante de todas as tentativas de contribui\u00e7\u00e3o para uma melhor organiza\u00e7\u00e3o e condu\u00e7\u00e3o das quest\u00f5es referentes \u00e0 administra\u00e7\u00e3o p\u00fablica, quando os servidores de maneira organizada v\u00eam propondo a realiza\u00e7\u00e3o de concursos p\u00fablicos, de mais parcerias e de um maior estreitamento das rela\u00e7\u00f5es com o executivo municipal, a sociedade jequieense, foi surpreendida com a realiza\u00e7\u00e3o de mais um REDA \u2013 Regime Especial de Direito Administrativo, modalidade essa de sele\u00e7\u00e3o p\u00fablica que acaba criando um v\u00edcio, onde n\u00e3o se cria vagas efetivas, impedindo a realiza\u00e7\u00e3o de concursos p\u00fablicos.<\/span><\/span><\/div>\n<\/div>\n<div class=\"\" data-block=\"true\" data-editor=\"54t6h\" data-offset-key=\"7jq7q-0-0\">\n<div class=\"_1mf _1mj\" data-offset-key=\"7jq7q-0-0\"><span data-offset-key=\"7jq7q-0-0\">\u00a0<\/span><\/div>\n<\/div>\n<div class=\"\" data-block=\"true\" data-editor=\"54t6h\" data-offset-key=\"dpv98-0-0\">\n<div class=\"_1mf _1mj\" data-offset-key=\"dpv98-0-0\"><span data-offset-key=\"dpv98-0-0\"><span data-text=\"true\">Diante do exposto, o SINSERV \u2013 Sindicato dos Servidores P\u00fablicos Municipais de Jequi\u00e9 e Regi\u00e3o, enquanto entidade de utilidade p\u00fablica, exige do governo municipal, respostas\u00a0 para todas as quest\u00f5es supracitadas, afim de que a popula\u00e7\u00e3o tenha consci\u00eancia e clareza da realidade social e pol\u00edtica vivenciada pelo nosso munic\u00edpio. Nesse sentido, a categoria deliberou em uma grande assembleia realizada no \u00faltimo dia 24\/04\/2014, a paralisa\u00e7\u00e3o de suas atividades entre os dias 28 e 29\/04\/2014. SINSERV: SINDICATO FORTE, SINDICATO DE LUTA!<\/span><\/span><\/div>\n<\/div>\n<div class=\"\" data-block=\"true\" data-editor=\"54t6h\" data-offset-key=\"bnen1-0-0\">\n<div class=\"_1mf _1mj\" data-offset-key=\"bnen1-0-0\"><span data-offset-key=\"bnen1-0-0\">\u00a0<\/span><\/div>\n<\/div>\n<div class=\"\" data-block=\"true\" data-editor=\"54t6h\" data-offset-key=\"9ph2h-0-0\">\n<div class=\"_1mf _1mj\" data-offset-key=\"9ph2h-0-0\"><strong><span data-offset-key=\"9ph2h-0-0\"><span data-text=\"true\">Atividades da Semana:<\/span><\/span><\/strong><\/div>\n<\/div>\n<div class=\"\" data-block=\"true\" data-editor=\"54t6h\" data-offset-key=\"34siv-0-0\">\n<div class=\"_1mf _1mj\" data-offset-key=\"34siv-0-0\"><span data-offset-key=\"34siv-0-0\">\u00a0<\/span><\/div>\n<\/div>\n<div class=\"\" data-block=\"true\" data-editor=\"54t6h\" data-offset-key=\"6qks6-0-0\">\n<div class=\"_1mf _1mj\" data-offset-key=\"6qks6-0-0\"><span data-offset-key=\"6qks6-0-0\"><span data-text=\"true\">Dia 28\/04\/2014 \u2013 Paralisa\u00e7\u00e3o das atividades com concentra\u00e7\u00e3o na C\u00e2mara de Vereadores de Jequi\u00e9.<\/span><\/span><\/div>\n<\/div>\n<div class=\"\" data-block=\"true\" data-editor=\"54t6h\" data-offset-key=\"6j637-0-0\">\n<div class=\"_1mf _1mj\" data-offset-key=\"6j637-0-0\"><span data-offset-key=\"6j637-0-0\">\u00a0<\/span><\/div>\n<\/div>\n<div class=\"\" data-block=\"true\" data-editor=\"54t6h\" data-offset-key=\"47pv3-0-0\">\n<div class=\"_1mf _1mj\" data-offset-key=\"47pv3-0-0\"><span data-offset-key=\"47pv3-0-0\"><span data-text=\"true\">Dia 29\/04\/2014 \u2013 Paralisa\u00e7\u00e3o das atividades com concentra\u00e7\u00e3o na C\u00e2mara de Vereadores e no turno vespertino reuni\u00e3o com a Comiss\u00e3o Permanente de Negocia\u00e7\u00e3o.<\/span><\/span><\/div>\n<\/div>\n<div class=\"\" data-block=\"true\" data-editor=\"54t6h\" data-offset-key=\"1nkai-0-0\">\n<div class=\"_1mf _1mj\" data-offset-key=\"1nkai-0-0\"><span data-offset-key=\"1nkai-0-0\">\u00a0<\/span><\/div>\n<\/div>\n<div class=\"\" data-block=\"true\" data-editor=\"54t6h\" data-offset-key=\"dd1il-0-0\">\n<div class=\"_1mf _1mj\" data-offset-key=\"dd1il-0-0\"><span data-offset-key=\"dd1il-0-0\"><span data-text=\"true\">Dia 30\/04\/2014 \u2013 Assembleia Geral Extraordin\u00e1ria na C\u00e2mara de Vereadores de Jequi\u00e9.<\/span><\/span><\/div>\n<\/div>\n","protected":false},"excerpt":{"rendered":"<p>A situa\u00e7\u00e3o vivida pela popula\u00e7\u00e3o jequieense, relatada todos os dias por aqueles\/as, que utilizando dos meios de comunica\u00e7\u00e3o denunciam\u00a0 o quadro de in\u00e9rcia, imposto pelos gestores do nosso munic\u00edpio, aonde as promessas de campanha ainda n\u00e3o foram traduzidas em realidade concreta, sobretudo em \u00e1reas essenciais como sa\u00fade, educa\u00e7\u00e3o, infraestrutura, assist\u00eancia e servi\u00e7os p\u00fablicos,\u00a0 vem comprometendo &hellip; <\/p>\n","protected":false},"author":1,"featured_media":6370,"comment_status":"open","ping_status":"open","sticky":false,"template":"","format":"standard","meta":{"footnotes":""},"categories":[22,15],"tags":[],"class_list":["post-3755","post","type-post","status-publish","format-standard","has-post-thumbnail","hentry","category-destaques","category-c34-gerais"],"_links":{"self":[{"href":"https:\/\/sinservregional.com.br\/site\/index.php?rest_route=\/wp\/v2\/posts\/3755","targetHints":{"allow":["GET"]}}],"collection":[{"href":"https:\/\/sinservregional.com.br\/site\/index.php?rest_route=\/wp\/v2\/posts"}],"about":[{"href":"https:\/\/sinservregional.com.br\/site\/index.php?rest_route=\/wp\/v2\/types\/post"}],"author":[{"embeddable":true,"href":"https:\/\/sinservregional.com.br\/site\/index.php?rest_route=\/wp\/v2\/users\/1"}],"replies":[{"embeddable":true,"href":"https:\/\/sinservregional.com.br\/site\/index.php?rest_route=%2Fwp%2Fv2%2Fcomments&post=3755"}],"version-history":[{"count":3,"href":"https:\/\/sinservregional.com.br\/site\/index.php?rest_route=\/wp\/v2\/posts\/3755\/revisions"}],"predecessor-version":[{"id":6368,"href":"https:\/\/sinservregional.com.br\/site\/index.php?rest_route=\/wp\/v2\/posts\/3755\/revisions\/6368"}],"wp:featuredmedia":[{"embeddable":true,"href":"https:\/\/sinservregional.com.br\/site\/index.php?rest_route=\/wp\/v2\/media\/6370"}],"wp:attachment":[{"href":"https:\/\/sinservregional.com.br\/site\/index.php?rest_route=%2Fwp%2Fv2%2Fmedia&parent=3755"}],"wp:term":[{"taxonomy":"category","embeddable":true,"href":"https:\/\/sinservregional.com.br\/site\/index.php?rest_route=%2Fwp%2Fv2%2Fcategories&post=3755"},{"taxonomy":"post_tag","embeddable":true,"href":"https:\/\/sinservregional.com.br\/site\/index.php?rest_route=%2Fwp%2Fv2%2Ftags&post=3755"}],"curies":[{"name":"wp","href":"https:\/\/api.w.org\/{rel}","templated":true}]}}