{"id":29,"date":"2009-05-05T21:12:54","date_gmt":"2009-05-05T21:12:54","guid":{"rendered":"http:\/\/sinservregional.com.br\/site\/?p=29"},"modified":"2009-05-05T21:12:54","modified_gmt":"2009-05-05T21:12:54","slug":"informativo","status":"publish","type":"post","link":"https:\/\/sinservregional.com.br\/site\/?p=29","title":{"rendered":"Informativo"},"content":{"rendered":"<p><img loading=\"lazy\" decoding=\"async\" src=\"http:\/\/www.souzaandrade.com.br\/blog08\/wp-content\/uploads\/2010\/09\/dsc_5831.jpg\" border=\"0\" width=\"640\" height=\"426\" align=\"left\" \/>\u00a0<span style=\"font-family: 'Verdana','sans-serif'; font-size: 10pt\"><a href=\"http:\/\/arymoura.wordpress.com\/2010\/09\/06\/grito-dos-excluidos\/\" title=\"Link permanente: Grito dos\u00a0Exclu\u00eddos.\"><span style=\"color: windowtext; text-decoration: none; text-underline: none\"><strong> <\/strong><\/span><\/a><\/span><span style=\"font-family: 'Verdana','sans-serif'; font-size: 10pt\"><a href=\"http:\/\/arymoura.wordpress.com\/2010\/09\/06\/grito-dos-excluidos\/\" title=\"Link permanente: Grito dos\u00a0Exclu\u00eddos.\"><span style=\"color: windowtext; text-decoration: none; text-underline: none\"><\/span><\/a><span style=\"font-family: 'Verdana','sans-serif'; font-size: 10pt\"><a href=\"http:\/\/arymoura.wordpress.com\/2010\/09\/06\/grito-dos-excluidos\/\" title=\"Link permanente: Grito dos\u00a0Exclu\u00eddos.\"><span style=\"color: windowtext; text-decoration: none; text-underline: none\"><strong>Grito dos\u00a0Exclu\u00eddos<\/strong><\/span><\/a><\/span><\/span><span style=\"line-height: 150%; font-family: 'Verdana','sans-serif'; font-size: 10pt\"><font color=\"#000000\">E nas comemora\u00e7\u00f5es do 7 de Setembro em Jequi\u00e9, <\/font><span style=\"color: #333333\">os l\u00edderes do \u201cGrito dos Exclu\u00eddos\u201d abordaram v\u00e1rios assuntos dentro do tema central de 2010. Diante das autoridades que ocupavam o palanque oficial, cobraram dos governos pol\u00edticas p\u00fablicas para combater o desemprego, criticaram a falta de seguran\u00e7a e fizeram cobran\u00e7as especificas como o imediato retorno das obras de esgotamento sanit\u00e1rio do bairro do Curral Novo.<\/span><font color=\"#000000\"> O Grito dos Exclu\u00eddos com o tema: Vida em primeiro lugar-Onde est\u00e1 nossos direitos. O Brasil configura um pa\u00eds excludente, sufocado pela fome, pelo desemprego e por \u00edndices afrontosos de car\u00eancia social.<\/font><span style=\"color: #333333\"> Outra cr\u00edtica diz respeito \u00e0 taxa de esgoto que \u00e9 cobrada pela Embasa, estatal do governo do Estado. Os manifestantes classificaram como absurdo o percentual de 80% que \u00e9 cobrado de cada cliente. O SINSERV se fez presente apoiando toda a luta desse movimento de consci\u00eancia social.<\/span><\/span> <\/p>\n<p>\u00a0<\/p>\n","protected":false},"excerpt":{"rendered":"<p>\u00a0 Grito dos\u00a0Exclu\u00eddosE nas comemora\u00e7\u00f5es do 7 de Setembro em Jequi\u00e9, os l\u00edderes do \u201cGrito dos Exclu\u00eddos\u201d abordaram v\u00e1rios assuntos dentro do tema central de 2010. Diante das autoridades que ocupavam o palanque oficial, cobraram dos governos pol\u00edticas p\u00fablicas para combater o desemprego, criticaram a falta de seguran\u00e7a e fizeram cobran\u00e7as especificas como o imediato &hellip; <\/p>\n","protected":false},"author":1,"featured_media":0,"comment_status":"open","ping_status":"open","sticky":false,"template":"","format":"standard","meta":{"footnotes":""},"categories":[15],"tags":[],"class_list":["post-29","post","type-post","status-publish","format-standard","hentry","category-c34-gerais"],"_links":{"self":[{"href":"https:\/\/sinservregional.com.br\/site\/index.php?rest_route=\/wp\/v2\/posts\/29","targetHints":{"allow":["GET"]}}],"collection":[{"href":"https:\/\/sinservregional.com.br\/site\/index.php?rest_route=\/wp\/v2\/posts"}],"about":[{"href":"https:\/\/sinservregional.com.br\/site\/index.php?rest_route=\/wp\/v2\/types\/post"}],"author":[{"embeddable":true,"href":"https:\/\/sinservregional.com.br\/site\/index.php?rest_route=\/wp\/v2\/users\/1"}],"replies":[{"embeddable":true,"href":"https:\/\/sinservregional.com.br\/site\/index.php?rest_route=%2Fwp%2Fv2%2Fcomments&post=29"}],"version-history":[{"count":0,"href":"https:\/\/sinservregional.com.br\/site\/index.php?rest_route=\/wp\/v2\/posts\/29\/revisions"}],"wp:attachment":[{"href":"https:\/\/sinservregional.com.br\/site\/index.php?rest_route=%2Fwp%2Fv2%2Fmedia&parent=29"}],"wp:term":[{"taxonomy":"category","embeddable":true,"href":"https:\/\/sinservregional.com.br\/site\/index.php?rest_route=%2Fwp%2Fv2%2Fcategories&post=29"},{"taxonomy":"post_tag","embeddable":true,"href":"https:\/\/sinservregional.com.br\/site\/index.php?rest_route=%2Fwp%2Fv2%2Ftags&post=29"}],"curies":[{"name":"wp","href":"https:\/\/api.w.org\/{rel}","templated":true}]}}