{"id":2439,"date":"2012-04-10T15:04:28","date_gmt":"2012-04-10T15:04:28","guid":{"rendered":"http:\/\/sinservregional.com.br\/site\/?p=2439"},"modified":"2012-04-10T15:04:28","modified_gmt":"2012-04-10T15:04:28","slug":"categoria-aprova-nova-tabela-de-vencimentos-em-assembleia","status":"publish","type":"post","link":"https:\/\/sinservregional.com.br\/site\/?p=2439","title":{"rendered":"Categoria aprova nova tabela de vencimentos, em assembleia"},"content":{"rendered":"<p><img loading=\"lazy\" decoding=\"async\" class=\" alignleft size-full wp-image-2435\" src=\"https:\/\/sinservregional.com.br\/site\/wp-content\/uploads\/2012\/04\/assembleiasinservreajuste2012.jpg\" border=\"0\" hspace=\"10\" vspace=\"10\" width=\"260\" height=\"195\" align=\"left\" srcset=\"https:\/\/sinservregional.com.br\/site\/wp-content\/uploads\/2012\/04\/assembleiasinservreajuste2012.jpg 640w, https:\/\/sinservregional.com.br\/site\/wp-content\/uploads\/2012\/04\/assembleiasinservreajuste2012-300x225.jpg 300w\" sizes=\"auto, (max-width: 260px) 100vw, 260px\" \/><\/p>\n<p style=\"text-align: justify\" class=\"MsoNormal\"><span style=\"font-size: 10pt; line-height: 115%; font-family: Verdana, sans-serif\"><font color=\"#000000\">O Sindicato dos Servidores P\u00fablicos Municipais de Jequi\u00e9 e Regi\u00e3o (SINSERV), realizou na tarde desta segunda-feira, 09\/04\/2012, uma assembleia geral extraordinaria, em pauta, o reajuste salarial 2012.<\/font><\/span><\/p>\n<p style=\"text-align: justify\" class=\"MsoNormal\"><span style=\"font-size: 10pt; line-height: 115%; font-family: Verdana, sans-serif\"><font color=\"#000000\">A dire\u00e7\u00e3o do sindicato apresentou os \u00edndices de reajuste para avalia\u00e7\u00e3o e delibera\u00e7\u00e3o da categoria que aprovou a nova tabela de vencimentos com o entendimento de que a antecipa\u00e7\u00e3o da data-base para o m\u00eas de abril deste ano e mais percentual de reajuste acima da infla\u00e7\u00e3o, minimiza as perdas salariais dos trabalhadores.\u00a0<\/font><\/span>\u00a0<\/p>\n<p style=\"text-align: justify\" class=\"MsoNormal\"><span style=\"font-size: 10pt; line-height: 115%; font-family: Verdana, sans-serif\"><font color=\"#000000\">A comiss\u00e3o de negocia\u00e7\u00e3o do SINSERV continuar\u00e1 reivindicando os demais pontos de pauta da Campanha Salarial 2012, s\u00e3o eles: realiza\u00e7\u00e3o de concurso p\u00fablico; garantia de novo Estatuto; Plano de Cargos, Carreira e Vencimentos; Cria\u00e7\u00e3o do cargo t\u00e9cnico em enfermagem \u2013 N\u00edvel VI \u2013 garantindo a progress\u00e3o dos auxiliares efetivos que possuindo forma\u00e7\u00e3o t\u00e9cnica, passem a ser t\u00e9cnico em enfermagem; Retorno do subsidio que possibilita o pagamento de plano de sa\u00fade aos servidores efetivos, entre outros.<\/font><\/span><\/p>\n<p style=\"text-align: justify\" class=\"MsoNormal\"><span style=\"font-size: 10pt; line-height: 115%; font-family: Verdana, sans-serif\"><font color=\"#000000\">Veja a seguir como ficou a Tabela de Vencimentos 2012:<\/font><\/span><\/p>\n<p style=\"text-align: center\" class=\"MsoNormal\"><img loading=\"lazy\" decoding=\"async\" class=\" size-full wp-image-2438\" src=\"https:\/\/sinservregional.com.br\/site\/wp-content\/uploads\/2012\/04\/tabela2012sinservjequie.jpg\" border=\"0\" hspace=\"10\" vspace=\"10\" width=\"420\" height=\"536\" srcset=\"https:\/\/sinservregional.com.br\/site\/wp-content\/uploads\/2012\/04\/tabela2012sinservjequie.jpg 480w, https:\/\/sinservregional.com.br\/site\/wp-content\/uploads\/2012\/04\/tabela2012sinservjequie-235x300.jpg 235w\" sizes=\"auto, (max-width: 420px) 100vw, 420px\" \/>\u00a0<\/p>\n<p style=\"text-align: justify\" class=\"MsoNormal\">\u00a0<\/p>\n<p style=\"text-align: justify\" class=\"MsoNormal\">\u00a0<\/p>\n","protected":false},"excerpt":{"rendered":"<p>O Sindicato dos Servidores P\u00fablicos Municipais de Jequi\u00e9 e Regi\u00e3o (SINSERV), realizou na tarde desta segunda-feira, 09\/04\/2012, uma assembleia geral extraordinaria, em pauta, o reajuste salarial 2012. A dire\u00e7\u00e3o do sindicato apresentou os \u00edndices de reajuste para avalia\u00e7\u00e3o e delibera\u00e7\u00e3o da categoria que aprovou a nova tabela de vencimentos com o entendimento de que a &hellip; <\/p>\n","protected":false},"author":1,"featured_media":2435,"comment_status":"open","ping_status":"open","sticky":false,"template":"","format":"standard","meta":{"footnotes":""},"categories":[15],"tags":[],"class_list":["post-2439","post","type-post","status-publish","format-standard","has-post-thumbnail","hentry","category-c34-gerais"],"_links":{"self":[{"href":"https:\/\/sinservregional.com.br\/site\/index.php?rest_route=\/wp\/v2\/posts\/2439","targetHints":{"allow":["GET"]}}],"collection":[{"href":"https:\/\/sinservregional.com.br\/site\/index.php?rest_route=\/wp\/v2\/posts"}],"about":[{"href":"https:\/\/sinservregional.com.br\/site\/index.php?rest_route=\/wp\/v2\/types\/post"}],"author":[{"embeddable":true,"href":"https:\/\/sinservregional.com.br\/site\/index.php?rest_route=\/wp\/v2\/users\/1"}],"replies":[{"embeddable":true,"href":"https:\/\/sinservregional.com.br\/site\/index.php?rest_route=%2Fwp%2Fv2%2Fcomments&post=2439"}],"version-history":[{"count":0,"href":"https:\/\/sinservregional.com.br\/site\/index.php?rest_route=\/wp\/v2\/posts\/2439\/revisions"}],"wp:featuredmedia":[{"embeddable":true,"href":"https:\/\/sinservregional.com.br\/site\/index.php?rest_route=\/wp\/v2\/media\/2435"}],"wp:attachment":[{"href":"https:\/\/sinservregional.com.br\/site\/index.php?rest_route=%2Fwp%2Fv2%2Fmedia&parent=2439"}],"wp:term":[{"taxonomy":"category","embeddable":true,"href":"https:\/\/sinservregional.com.br\/site\/index.php?rest_route=%2Fwp%2Fv2%2Fcategories&post=2439"},{"taxonomy":"post_tag","embeddable":true,"href":"https:\/\/sinservregional.com.br\/site\/index.php?rest_route=%2Fwp%2Fv2%2Ftags&post=2439"}],"curies":[{"name":"wp","href":"https:\/\/api.w.org\/{rel}","templated":true}]}}