{"id":2430,"date":"2012-04-03T08:22:47","date_gmt":"2012-04-03T08:22:47","guid":{"rendered":"http:\/\/sinservregional.com.br\/site\/?p=2430"},"modified":"2012-04-03T08:22:47","modified_gmt":"2012-04-03T08:22:47","slug":"farc-libertam-dez-refens-na-colombia","status":"publish","type":"post","link":"https:\/\/sinservregional.com.br\/site\/?p=2430","title":{"rendered":"Farc libertam dez ref\u00e9ns na Col\u00f4mbia"},"content":{"rendered":"<p><img loading=\"lazy\" decoding=\"async\" src=\"http:\/\/veja.abril.com.br\/assets\/images\/2012\/4\/73305\/REFENS-20120402-size-598.JPG?1333413389\" border=\"0\" hspace=\"10\" vspace=\"10\" width=\"260\" height=\"191\" align=\"left\" \/><\/p>\n<p style=\"margin-top: 0cm; margin-right: 0cm; margin-left: 0cm; margin-bottom: 0.0001pt; text-align: justify; line-height: 13.5pt\"><span style=\"font-size: 10pt; font-family: Verdana, sans-serif\"><font class=\"Apple-style-span\" color=\"#000000\">Visivelmente emocionados, com roupas limpas e barbeados, ainda que bastante magros, os dez policiais e militares que foram libertados pelas For\u00e7as Armadas Revolucion\u00e1rias da Col\u00f4mbia (Farc) chegaram \u00e0 cidade colombiana de Villavicencio em um helic\u00f3ptero brasileiro. Ap\u00f3s uma miss\u00e3o que se prolongou durante mais de cinco horas, os policiais e militares chegaram aparentemente em bom estado de sa\u00fade.<\/font><\/span><\/p>\n<p> <!--more--> <span style=\"font-size: 10pt; font-family: Verdana, sans-serif\"> <\/p>\n<div style=\"text-align: justify\"><span style=\"color: #000000\" class=\"Apple-style-span\">Os libertados s\u00e3o os militares Luis Alfonso Beltr\u00e1n Franco, Luis Arturo Arcia, Robinson Salcedo Guar\u00edn e Luis Alfredo Moreno Chag\u00fceza, e os policiais Carlos Jos\u00e9 Duarte, C\u00e9sar Augusto Lasso Monsalve, Jorge Trujillo Solarte, Jorge Humberto Romero, Jos\u00e9 Libardo Forero e Wilson Rojas Medina, todos sequestrados entre 1998 e 1999.\u00a0<\/span><\/div>\n<p><\/span><\/p>\n<p>\u00a0<\/p>\n<p style=\"text-align: justify; margin-top: 0cm; margin-right: 0cm; margin-left: 0cm; margin-bottom: 0.0001pt; line-height: 13.5pt; border-style: initial; border-color: initial; list-style-position: initial; list-style-image: initial; outline-style: none; outline-width: initial; outline-color: initial\"><span style=\"font-size: 10pt; font-family: Verdana, sans-serif\"><font class=\"Apple-style-span\" color=\"#000000\">A liberta\u00e7\u00e3o foi realizada na zona rural entre os limites do Departamento de Meta e Guaviare. Os libertados desembarcaram no aeroporto de Villavicencio (110 quil\u00f4metros ao sul de Bogot\u00e1), de onde partiu pela manh\u00e3 a miss\u00e3o humanit\u00e1ria,\u00a0<strong style=\"border-style: initial; border-color: initial; list-style-position: initial; list-style-image: initial; outline-style: none; outline-width: initial; outline-color: initial\"><span style=\"border-width: 1pt; border-color: windowtext; border-style: none; padding: 0cm\"><a href=\"http:\/\/veja.abril.com.br\/noticia\/internacional\/helicoptero-para-resgate-de-refens-das-farc-parte-de-aeroporto-na-colombia\" target=\"_self\"><span style=\"text-decoration: none\">num helic\u00f3ptero<\/span><span style=\"text-decoration: none\"> <\/span><span style=\"text-decoration: none\">Cougar<\/span><span style=\"text-decoration: none\"> <\/span><span style=\"text-decoration: none\">da For\u00e7a A\u00e9rea Brasileira<\/span><\/a><\/span><\/strong>. Esta \u00e9 a quarta opera\u00e7\u00e3o humanit\u00e1ria que a Cruz Vermelha realiza com apoio log\u00edstico e t\u00e9cnico do estado brasileiro, desde 2009. As Farc &#8211; guerrilha mais antiga da Col\u00f4mbia, com 47 anos de sangrenta luta contra o estado &#8211; garantem que estes s\u00e3o os \u00faltimos ref\u00e9ns militares que mant\u00eam em seu poder.<\/font><\/span><\/p>\n<p style=\"margin-top: 0cm; margin-right: 0cm; margin-left: 0cm; margin-bottom: 0.0001pt; border-style: initial; border-color: initial; list-style-position: initial; list-style-image: initial; outline-style: none; outline-width: initial; outline-color: initial\">\u00a0<\/p>\n<div style=\"line-height: 13.5pt; text-align: justify\"><font class=\"Apple-style-span\" color=\"#000000\"><strong style=\"border-style: initial; border-color: initial; list-style-position: initial; list-style-image: initial; outline-style: none; outline-width: initial; outline-color: initial\"><span style=\"font-size: 10pt; font-family: Verdana, sans-serif; border-width: 1pt; border-color: windowtext; border-style: none; padding: 0cm\">Ref\u00e9ns &#8211;<\/span><\/strong><span class=\"apple-converted-space\"><strong><span style=\"font-size: 10pt; font-family: Verdana, sans-serif; border-width: 1pt; border-color: windowtext; border-style: none; padding: 0cm\">\u00a0<\/span><\/strong><\/span><span style=\"font-size: 10pt; font-family: Verdana, sans-serif\">Os militares e policiais s\u00e3o os \u00faltimos &#8220;pass\u00edveis de troca&#8221;, como a guerrilha denominou um grupo de sequestrados que chegou a superar setenta pessoas. A inten\u00e7\u00e3o das Farc era entregar esse grupo em troca da liberta\u00e7\u00e3o de 500 guerrilheiros presos. Segundo a Funda\u00e7\u00e3o Pa\u00eds Libre, entre 2002 e 2011, as Farc realizaram 2.678 sequestros. A organiza\u00e7\u00e3o calcula que na Col\u00f4mbia restariam nas m\u00e3os de diferentes grupos armados 405 colombianos.<\/span><\/font><\/div>\n<div style=\"text-align: justify\"><span style=\"line-height: 18px\" class=\"Apple-style-span\"><font class=\"Apple-style-span\" color=\"#000000\"><br \/><\/font><\/span><\/div>\n<p><font class=\"Apple-style-span\" color=\"#000000\"><font face=\"Verdana, sans-serif\" size=\"2\" style=\"line-height: 13.5pt\" class=\"Apple-style-span\"><\/p>\n<div style=\"text-align: justify\">Segundo a ONG, entre 1\u00ba de janeiro de 2009 e 31 de dezembro de 2011, 186 pessoas foram feitas ref\u00e9ns pelas Farc, per\u00edodo no qual esta guerrilha aumentou o sequestro de 45 para 77 casos. A funda\u00e7\u00e3o aponta que 79% dos sequestros perpetrados pelas Farc nesse per\u00edodo foram de car\u00e1ter extorsivo (por dinheiro), sendo que os alvos eram quase sempre homens (92%).<\/div>\n<p><\/font> <\/font><\/p>\n<div style=\"text-align: justify\"><font class=\"Apple-style-span\" color=\"#000000\"><br \/><\/font><\/div>\n<p><font face=\"Verdana, sans-serif\" size=\"2\" style=\"line-height: 13.5pt\" class=\"Apple-style-span\" color=\"#000000\"><\/p>\n<div style=\"text-align: justify\">Os departamentos mais afetados pelos sequestros da guerrilha mais antiga da Am\u00e9rica nos \u00faltimos tr\u00eas anos s\u00e3o Arauca (26 casos), Cauca (24), Meta (18) e Putumayo (16). Quase todas as pessoas sequestradas pelas Farc entre 2009 e 2011 s\u00e3o colombianas, apenas cinco s\u00e3o estrangeiras.\u00a0<\/div>\n<div style=\"text-align: justify\">\u00a0<\/div>\n<p><\/font><\/p>\n<p>\u00a0<\/p>\n<p style=\"text-align: justify; margin-top: 0cm; margin-right: 0cm; margin-left: 0cm; margin-bottom: 0.0001pt; line-height: 13.5pt; border-style: initial; border-color: initial; list-style-position: initial; list-style-image: initial; outline-style: none; outline-width: initial; outline-color: initial\"><font class=\"Apple-style-span\" color=\"#000000\"><em style=\"border-style: initial; border-color: initial; list-style-position: initial; list-style-image: initial; outline-style: none; outline-width: initial; outline-color: initial\"><span style=\"font-size: 10pt; font-family: Verdana, sans-serif; border-width: 1pt; border-color: windowtext; border-style: none; padding: 0cm\">(Com ag\u00eancia AFP)<\/span><\/em><\/font><\/p>\n<p style=\"text-align: justify\" class=\"MsoNormal\"><span style=\"font-size: 10pt; line-height: 115%; font-family: Verdana, sans-serif\"><font class=\"Apple-style-span\" color=\"#000000\">\u00a0<\/font><\/span><\/p>\n","protected":false},"excerpt":{"rendered":"<p>Visivelmente emocionados, com roupas limpas e barbeados, ainda que bastante magros, os dez policiais e militares que foram libertados pelas For\u00e7as Armadas Revolucion\u00e1rias da Col\u00f4mbia (Farc) chegaram \u00e0 cidade colombiana de Villavicencio em um helic\u00f3ptero brasileiro. Ap\u00f3s uma miss\u00e3o que se prolongou durante mais de cinco horas, os policiais e militares chegaram aparentemente em bom &hellip; <\/p>\n","protected":false},"author":1,"featured_media":0,"comment_status":"open","ping_status":"open","sticky":false,"template":"","format":"standard","meta":{"footnotes":""},"categories":[15],"tags":[],"class_list":["post-2430","post","type-post","status-publish","format-standard","hentry","category-c34-gerais"],"_links":{"self":[{"href":"https:\/\/sinservregional.com.br\/site\/index.php?rest_route=\/wp\/v2\/posts\/2430","targetHints":{"allow":["GET"]}}],"collection":[{"href":"https:\/\/sinservregional.com.br\/site\/index.php?rest_route=\/wp\/v2\/posts"}],"about":[{"href":"https:\/\/sinservregional.com.br\/site\/index.php?rest_route=\/wp\/v2\/types\/post"}],"author":[{"embeddable":true,"href":"https:\/\/sinservregional.com.br\/site\/index.php?rest_route=\/wp\/v2\/users\/1"}],"replies":[{"embeddable":true,"href":"https:\/\/sinservregional.com.br\/site\/index.php?rest_route=%2Fwp%2Fv2%2Fcomments&post=2430"}],"version-history":[{"count":0,"href":"https:\/\/sinservregional.com.br\/site\/index.php?rest_route=\/wp\/v2\/posts\/2430\/revisions"}],"wp:attachment":[{"href":"https:\/\/sinservregional.com.br\/site\/index.php?rest_route=%2Fwp%2Fv2%2Fmedia&parent=2430"}],"wp:term":[{"taxonomy":"category","embeddable":true,"href":"https:\/\/sinservregional.com.br\/site\/index.php?rest_route=%2Fwp%2Fv2%2Fcategories&post=2430"},{"taxonomy":"post_tag","embeddable":true,"href":"https:\/\/sinservregional.com.br\/site\/index.php?rest_route=%2Fwp%2Fv2%2Ftags&post=2430"}],"curies":[{"name":"wp","href":"https:\/\/api.w.org\/{rel}","templated":true}]}}