{"id":2411,"date":"2012-03-27T14:30:08","date_gmt":"2012-03-27T14:30:08","guid":{"rendered":"http:\/\/sinservregional.com.br\/site\/?p=2411"},"modified":"2012-03-27T14:30:08","modified_gmt":"2012-03-27T14:30:08","slug":"stf-estuda-suspender-recesso-para-julgar-processo-do-mensalao-diz-jornal","status":"publish","type":"post","link":"https:\/\/sinservregional.com.br\/site\/?p=2411","title":{"rendered":"STF estuda suspender recesso para julgar processo do mensal\u00e3o, diz jornal"},"content":{"rendered":"<p><img loading=\"lazy\" decoding=\"async\" src=\"http:\/\/www.comexblog.com.br\/wp-content\/uploads\/2011\/06\/size_590_supremo-tribunal-federal11.jpg\" border=\"0\" hspace=\"10\" vspace=\"10\" width=\"260\" height=\"195\" align=\"left\" \/><\/p>\n<p style=\"text-align: justify\" class=\"MsoNormal\"><span class=\"apple-style-span\"><span style=\"font-size: 10pt; line-height: 115%; font-family: Verdana, sans-serif\"><font class=\"Apple-style-span\" color=\"#000000\">O Supremo Tribunal Federal (STF) avalia suspender o recesso de julho para julgarem o processo do mensal\u00e3o em uma covoca\u00e7\u00e3o exclusiva, afirma o Painel do jornal Folha de S. Paulo desta ter\u00e7a-feira (27). De acordo com a publica\u00e7\u00e3o, a proposta foi levantada dentro da pr\u00f3pria Corte e \u00e9 motivada pelo fato de que a demora no julgamento do maior esc\u00e2ndalo de corrup\u00e7\u00e3o da era Lula pode levar \u00e0 prescri\u00e7\u00e3o de alguns dos crimes. De 40 denunciados pelo esquema, o Supremo transformou 37 em r\u00e9us do processo. Entre eles, est\u00e3o os ex-ministros Jos\u00e9 Dirceu (Casa Civil), Luiz Gushiken (Comunica\u00e7\u00e3o do Governo) e Anderson Adauto (Transportes), o empres\u00e1rio Marcos Val\u00e9rio, Jo\u00e3o Paulo Cunha (PT-SP), Jos\u00e9 Genoino (PT-SP) e Roberto Jefferson (PTB-RJ), autor das den\u00fancias.<\/font><\/span><\/span><\/p>\n","protected":false},"excerpt":{"rendered":"<p>O Supremo Tribunal Federal (STF) avalia suspender o recesso de julho para julgarem o processo do mensal\u00e3o em uma covoca\u00e7\u00e3o exclusiva, afirma o Painel do jornal Folha de S. Paulo desta ter\u00e7a-feira (27). De acordo com a publica\u00e7\u00e3o, a proposta foi levantada dentro da pr\u00f3pria Corte e \u00e9 motivada pelo fato de que a demora &hellip; <\/p>\n","protected":false},"author":1,"featured_media":0,"comment_status":"open","ping_status":"open","sticky":false,"template":"","format":"standard","meta":{"footnotes":""},"categories":[15],"tags":[],"class_list":["post-2411","post","type-post","status-publish","format-standard","hentry","category-c34-gerais"],"_links":{"self":[{"href":"https:\/\/sinservregional.com.br\/site\/index.php?rest_route=\/wp\/v2\/posts\/2411","targetHints":{"allow":["GET"]}}],"collection":[{"href":"https:\/\/sinservregional.com.br\/site\/index.php?rest_route=\/wp\/v2\/posts"}],"about":[{"href":"https:\/\/sinservregional.com.br\/site\/index.php?rest_route=\/wp\/v2\/types\/post"}],"author":[{"embeddable":true,"href":"https:\/\/sinservregional.com.br\/site\/index.php?rest_route=\/wp\/v2\/users\/1"}],"replies":[{"embeddable":true,"href":"https:\/\/sinservregional.com.br\/site\/index.php?rest_route=%2Fwp%2Fv2%2Fcomments&post=2411"}],"version-history":[{"count":0,"href":"https:\/\/sinservregional.com.br\/site\/index.php?rest_route=\/wp\/v2\/posts\/2411\/revisions"}],"wp:attachment":[{"href":"https:\/\/sinservregional.com.br\/site\/index.php?rest_route=%2Fwp%2Fv2%2Fmedia&parent=2411"}],"wp:term":[{"taxonomy":"category","embeddable":true,"href":"https:\/\/sinservregional.com.br\/site\/index.php?rest_route=%2Fwp%2Fv2%2Fcategories&post=2411"},{"taxonomy":"post_tag","embeddable":true,"href":"https:\/\/sinservregional.com.br\/site\/index.php?rest_route=%2Fwp%2Fv2%2Ftags&post=2411"}],"curies":[{"name":"wp","href":"https:\/\/api.w.org\/{rel}","templated":true}]}}