{"id":2398,"date":"2012-03-20T18:31:13","date_gmt":"2012-03-20T18:31:13","guid":{"rendered":"http:\/\/sinservregional.com.br\/site\/?p=2398"},"modified":"2012-03-20T18:31:13","modified_gmt":"2012-03-20T18:31:13","slug":"sinserv-apresenta-a-pauta-de-reivindicacoes-da-campanha-salarial-2012","status":"publish","type":"post","link":"https:\/\/sinservregional.com.br\/site\/?p=2398","title":{"rendered":"SINSERV apresenta a pauta de reivindica\u00e7\u00f5es da Campanha Salarial 2012"},"content":{"rendered":"<p><img loading=\"lazy\" decoding=\"async\" src=\"http:\/\/4.bp.blogspot.com\/-Wr6guvLUlBk\/T0lVHklAT9I\/AAAAAAAAAf0\/ss7CPULKOSo\/s1600\/301111150722-.jpg\" border=\"0\" hspace=\"10\" vspace=\"10\" width=\"260\" height=\"153\" align=\"left\" \/><\/p>\n<p style=\"text-align: justify\" class=\"MsoNormal\"><span style=\"color: #000000; font-family: Verdana, sans-serif; font-size: 13px; line-height: 14px\" class=\"Apple-style-span\">A diretoria do SINSERV se reuniu na \u00faltima segunda-feira, 19\/03\/2012, com a finalidade de concluir o planejamento da Campanha Salarial 2012. Ap\u00f3s horas de reuni\u00e3o, com as mais variadas opini\u00f5es de estrat\u00e9gias e reivindica\u00e7\u00f5es com vistas a contempla\u00e7\u00e3o de direitos de toda a categoria, os diretores finalmente chegaram ao consenso dos pontos de pauta a serem apresentados em assembleia para delibera\u00e7\u00e3o da categoria. A seguir, as 18 propostas de reivindica\u00e7\u00f5es da Campanha Salarial\/2012 que o SINSERV apresentar\u00e1\u00a0<\/span><span style=\"color: #000000; font-family: Verdana, sans-serif; font-size: 13px; line-height: 14px\" class=\"Apple-style-span\">para aprecia\u00e7\u00e3o\u00a0<\/span><span style=\"color: #000000; font-family: Verdana, sans-serif; font-size: 13px; line-height: 14px\" class=\"Apple-style-span\">na assembleia extraordin\u00e1ria que ser\u00e1 realizada nesta ter\u00e7a-feira (20), \u00e0s 16 horas na sede do sindicato:<\/span><\/p>\n<p> <!--more-->   <\/p>\n<p style=\"margin-left: 18pt; text-indent: -18pt\" class=\"MsoListParagraphCxSpFirst\"><font class=\"Apple-style-span\" color=\"#000000\"><span style=\"font-size: 10pt; line-height: 115%; font-family: Verdana, sans-serif\">1.<span style=\"font-family: 'Times New Roman'; font-size: 7pt; font-style: normal; font-variant: normal; font-weight: normal; line-height: normal\">\u00a0\u00a0\u00a0 <\/span><\/span><span style=\"font-size: 10pt; line-height: 115%; font-family: Verdana, sans-serif\">Reajuste Salarial de 20% l\u00ednear, retroativo a janeiro\/2012, ou seja, 14.13%, \u00edndice do sal\u00e1rio, mais 5,9% referente recupera\u00e7\u00e3o das perdas salariais;<\/span><\/font><\/p>\n<p style=\"margin-left: 18pt; text-indent: -18pt\" class=\"MsoListParagraphCxSpMiddle\"><font class=\"Apple-style-span\" color=\"#000000\"><span style=\"font-size: 10pt; line-height: 115%; font-family: Verdana, sans-serif\">2.<span style=\"font-family: 'Times New Roman'; font-size: 7pt; font-style: normal; font-variant: normal; font-weight: normal; line-height: normal\">\u00a0\u00a0\u00a0 <\/span><\/span><span style=\"font-size: 10pt; line-height: 115%; font-family: Verdana, sans-serif\">Antecipa\u00e7\u00e3o da Data-Base de 1\u00ba de maio para 1\u00ba de janeiro;<\/span><\/font><\/p>\n<p style=\"margin-left: 18pt; text-indent: -18pt\" class=\"MsoListParagraphCxSpMiddle\"><font class=\"Apple-style-span\" color=\"#000000\"><span style=\"font-size: 10pt; line-height: 115%; font-family: Verdana, sans-serif\">3.<span style=\"font-family: 'Times New Roman'; font-size: 7pt; font-style: normal; font-variant: normal; font-weight: normal; line-height: normal\">\u00a0\u00a0\u00a0 <\/span><\/span><span style=\"font-size: 10pt; line-height: 115%; font-family: Verdana, sans-serif\">Realiza\u00e7\u00e3o de concurso p\u00fablico;<\/span><\/font><\/p>\n<p style=\"margin-left: 18pt; text-indent: -18pt\" class=\"MsoListParagraphCxSpMiddle\"><font class=\"Apple-style-span\" color=\"#000000\"><span style=\"font-size: 10pt; line-height: 115%; font-family: Verdana, sans-serif\">4.<span style=\"font-family: 'Times New Roman'; font-size: 7pt; font-style: normal; font-variant: normal; font-weight: normal; line-height: normal\">\u00a0\u00a0\u00a0 <\/span><\/span><span style=\"font-size: 10pt; line-height: 115%; font-family: Verdana, sans-serif\">Garantia de novo Estatuto;<\/span><\/font><\/p>\n<p style=\"margin-left: 18pt; text-indent: -18pt\" class=\"MsoListParagraphCxSpMiddle\"><font class=\"Apple-style-span\" color=\"#000000\"><span style=\"font-size: 10pt; line-height: 115%; font-family: Verdana, sans-serif\">5.<span style=\"font-family: 'Times New Roman'; font-size: 7pt; font-style: normal; font-variant: normal; font-weight: normal; line-height: normal\">\u00a0\u00a0\u00a0 <\/span><\/span><span style=\"font-size: 10pt; line-height: 115%; font-family: Verdana, sans-serif\">Plano de Cargos, Carreira e Vencimentos;<\/span><\/font><\/p>\n<p style=\"margin-left: 18pt; text-indent: -18pt\" class=\"MsoListParagraphCxSpMiddle\"><font class=\"Apple-style-span\" color=\"#000000\"><span style=\"font-size: 10pt; line-height: 115%; font-family: Verdana, sans-serif\">6.<span style=\"font-family: 'Times New Roman'; font-size: 7pt; font-style: normal; font-variant: normal; font-weight: normal; line-height: normal\">\u00a0\u00a0\u00a0 <\/span><\/span><span style=\"font-size: 10pt; line-height: 115%; font-family: Verdana, sans-serif\">Libera\u00e7\u00e3o do pagamento da insalubridade de servidores que j\u00e1 deram entrada em processo administrativo;<\/span><\/font><\/p>\n<p style=\"margin-left: 18pt; text-indent: -18pt\" class=\"MsoListParagraphCxSpMiddle\"><font class=\"Apple-style-span\" color=\"#000000\"><span style=\"font-size: 10pt; line-height: 115%; font-family: Verdana, sans-serif\">7.<span style=\"font-family: 'Times New Roman'; font-size: 7pt; font-style: normal; font-variant: normal; font-weight: normal; line-height: normal\">\u00a0\u00a0\u00a0 <\/span><\/span><span style=\"font-size: 10pt; line-height: 115%; font-family: Verdana, sans-serif\">Cria\u00e7\u00e3o do cargo t\u00e9cnico em enfermagem \u2013 N\u00edvel VI, garantindo a progress\u00e3o dos auxiliares efetivos que possuindo forma\u00e7\u00e3o t\u00e9cnica, passem a ser t\u00e9cnico em enfermagem;<\/span><\/font><\/p>\n<p style=\"margin-left: 18pt; text-indent: -18pt\" class=\"MsoListParagraphCxSpMiddle\"><font class=\"Apple-style-span\" color=\"#000000\"><span style=\"font-size: 10pt; line-height: 115%; font-family: Verdana, sans-serif\">8.<span style=\"font-family: 'Times New Roman'; font-size: 7pt; font-style: normal; font-variant: normal; font-weight: normal; line-height: normal\">\u00a0\u00a0\u00a0 <\/span><\/span><span style=\"font-size: 10pt; line-height: 115%; font-family: Verdana, sans-serif\">Mudan\u00e7a do n\u00edvel III para o n\u00edvel V do cargo de Guarda Municipal;<\/span><\/font><\/p>\n<p style=\"margin-left: 18pt; text-indent: -18pt\" class=\"MsoListParagraphCxSpMiddle\"><font class=\"Apple-style-span\" color=\"#000000\"><span style=\"font-size: 10pt; line-height: 115%; font-family: Verdana, sans-serif\">9.<span style=\"font-family: 'Times New Roman'; font-size: 7pt; font-style: normal; font-variant: normal; font-weight: normal; line-height: normal\">\u00a0\u00a0\u00a0 <\/span><\/span><span style=\"font-size: 10pt; line-height: 115%; font-family: Verdana, sans-serif\">Substitui\u00e7\u00e3o da nomeclatura \u2018indeniza\u00e7\u00e3o compensat\u00f3ria\u2019 para <strong>Horas Extras<\/strong>;<\/span><\/font><\/p>\n<p style=\"margin-left: 18pt; text-indent: -18pt\" class=\"MsoListParagraphCxSpMiddle\"><font class=\"Apple-style-span\" color=\"#000000\"><span style=\"font-size: 10pt; line-height: 115%; font-family: Verdana, sans-serif\">10.<span style=\"font-family: 'Times New Roman'; font-size: 7pt; font-style: normal; font-variant: normal; font-weight: normal; line-height: normal\"> <\/span><\/span><span style=\"font-size: 10pt; line-height: 115%; font-family: Verdana, sans-serif\">Pagamento dos sal\u00e1rios dentro do m\u00eas trabalhado;<\/span><\/font><\/p>\n<p style=\"margin-left: 18pt; text-indent: -18pt\" class=\"MsoListParagraphCxSpMiddle\"><font class=\"Apple-style-span\" color=\"#000000\"><span style=\"font-size: 10pt; line-height: 115%; font-family: Verdana, sans-serif\">11.<span style=\"font-family: 'Times New Roman'; font-size: 7pt; font-style: normal; font-variant: normal; font-weight: normal; line-height: normal\"> <\/span><\/span><span style=\"font-size: 10pt; line-height: 115%; font-family: Verdana, sans-serif\">Licen\u00e7a maternidade de 180 dias;<\/span><\/font><\/p>\n<p style=\"margin-left: 18pt; text-indent: -18pt\" class=\"MsoListParagraphCxSpMiddle\"><font class=\"Apple-style-span\" color=\"#000000\"><span style=\"font-size: 10pt; line-height: 115%; font-family: Verdana, sans-serif\">12.<span style=\"font-family: 'Times New Roman'; font-size: 7pt; font-style: normal; font-variant: normal; font-weight: normal; line-height: normal\"> <\/span><\/span><span style=\"font-size: 10pt; line-height: 115%; font-family: Verdana, sans-serif\">Cria\u00e7\u00e3o de projeto com vistas ao apoio e tratamento de servidores(as) com depend\u00eancia qu\u00edmica;<\/span><\/font><\/p>\n<p style=\"margin-left: 18pt; text-indent: -18pt\" class=\"MsoListParagraphCxSpMiddle\"><font class=\"Apple-style-span\" color=\"#000000\"><span style=\"font-size: 10pt; line-height: 115%; font-family: Verdana, sans-serif\">13.<span style=\"font-family: 'Times New Roman'; font-size: 7pt; font-style: normal; font-variant: normal; font-weight: normal; line-height: normal\"> <\/span><\/span><span style=\"font-size: 10pt; line-height: 115%; font-family: Verdana, sans-serif\">Retorno do subsidio que possibilita o pagamento de plano de sa\u00fade aos servidores efetivos;<\/span><\/font><\/p>\n<p style=\"margin-left: 18pt; text-indent: -18pt\" class=\"MsoListParagraphCxSpMiddle\"><font class=\"Apple-style-span\" color=\"#000000\"><span style=\"font-size: 10pt; line-height: 115%; font-family: Verdana, sans-serif\">14.<span style=\"font-family: 'Times New Roman'; font-size: 7pt; font-style: normal; font-variant: normal; font-weight: normal; line-height: normal\"> <\/span><\/span><span style=\"font-size: 10pt; line-height: 115%; font-family: Verdana, sans-serif\">Fornecimento de EPI e EPC, fardamento e vale-transporte;<\/span><\/font><\/p>\n<p style=\"margin-left: 18pt; text-indent: -18pt\" class=\"MsoListParagraphCxSpMiddle\"><font class=\"Apple-style-span\" color=\"#000000\"><span style=\"font-size: 10pt; line-height: 115%; font-family: Verdana, sans-serif\">15.<span style=\"font-family: 'Times New Roman'; font-size: 7pt; font-style: normal; font-variant: normal; font-weight: normal; line-height: normal\"> <\/span><\/span><span style=\"font-size: 10pt; line-height: 115%; font-family: Verdana, sans-serif\">Garantia de aperfei\u00e7oamento e qualifica\u00e7\u00e3o profissional continuada;<\/span><\/font><\/p>\n<p style=\"margin-left: 18pt; text-indent: -18pt\" class=\"MsoListParagraphCxSpMiddle\"><font class=\"Apple-style-span\" color=\"#000000\"><span style=\"font-size: 10pt; line-height: 115%; font-family: Verdana, sans-serif\">16.<span style=\"font-family: 'Times New Roman'; font-size: 7pt; font-style: normal; font-variant: normal; font-weight: normal; line-height: normal\"> <\/span><\/span><span style=\"font-size: 10pt; line-height: 115%; font-family: Verdana, sans-serif\">Buscar conv\u00eanio com a Caixa com vistas ao financiamento de im\u00f3veis para servidores efetivos;<\/span><\/font><\/p>\n<p style=\"margin-left: 18pt; text-indent: -18pt\" class=\"MsoListParagraphCxSpMiddle\"><font class=\"Apple-style-span\" color=\"#000000\"><span style=\"font-size: 10pt; line-height: 115%; font-family: Verdana, sans-serif\">17.<span style=\"font-family: 'Times New Roman'; font-size: 7pt; font-style: normal; font-variant: normal; font-weight: normal; line-height: normal\"> <\/span><\/span><span style=\"font-size: 10pt; line-height: 115%; font-family: Verdana, sans-serif\">Cria\u00e7\u00e3o de comiss\u00e3o de preven\u00e7\u00e3o de acidentes de trabalho e de LER\/DORT;<\/span><\/font><\/p>\n<p style=\"margin-left: 18pt; text-indent: -18pt\" class=\"MsoListParagraphCxSpLast\"><font class=\"Apple-style-span\" color=\"#000000\"><span style=\"font-size: 10pt; line-height: 115%; font-family: Verdana, sans-serif\">18.<span style=\"font-family: 'Times New Roman'; font-size: 7pt; font-style: normal; font-variant: normal; font-weight: normal; line-height: normal\"> <\/span><\/span><\/font><span style=\"font-size: 10pt; line-height: 115%; font-family: Verdana, sans-serif\"><font class=\"Apple-style-span\" color=\"#000000\">Parceria no cuidado e tratamento com servidores que apresentam necessidade de atendimento psicol\u00f3gico.<\/font><\/span><\/p>\n<p>\u00a0<\/p>\n","protected":false},"excerpt":{"rendered":"<p>A diretoria do SINSERV se reuniu na \u00faltima segunda-feira, 19\/03\/2012, com a finalidade de concluir o planejamento da Campanha Salarial 2012. Ap\u00f3s horas de reuni\u00e3o, com as mais variadas opini\u00f5es de estrat\u00e9gias e reivindica\u00e7\u00f5es com vistas a contempla\u00e7\u00e3o de direitos de toda a categoria, os diretores finalmente chegaram ao consenso dos pontos de pauta a &hellip; <\/p>\n","protected":false},"author":1,"featured_media":0,"comment_status":"open","ping_status":"open","sticky":false,"template":"","format":"standard","meta":{"footnotes":""},"categories":[15],"tags":[],"class_list":["post-2398","post","type-post","status-publish","format-standard","hentry","category-c34-gerais"],"_links":{"self":[{"href":"https:\/\/sinservregional.com.br\/site\/index.php?rest_route=\/wp\/v2\/posts\/2398","targetHints":{"allow":["GET"]}}],"collection":[{"href":"https:\/\/sinservregional.com.br\/site\/index.php?rest_route=\/wp\/v2\/posts"}],"about":[{"href":"https:\/\/sinservregional.com.br\/site\/index.php?rest_route=\/wp\/v2\/types\/post"}],"author":[{"embeddable":true,"href":"https:\/\/sinservregional.com.br\/site\/index.php?rest_route=\/wp\/v2\/users\/1"}],"replies":[{"embeddable":true,"href":"https:\/\/sinservregional.com.br\/site\/index.php?rest_route=%2Fwp%2Fv2%2Fcomments&post=2398"}],"version-history":[{"count":0,"href":"https:\/\/sinservregional.com.br\/site\/index.php?rest_route=\/wp\/v2\/posts\/2398\/revisions"}],"wp:attachment":[{"href":"https:\/\/sinservregional.com.br\/site\/index.php?rest_route=%2Fwp%2Fv2%2Fmedia&parent=2398"}],"wp:term":[{"taxonomy":"category","embeddable":true,"href":"https:\/\/sinservregional.com.br\/site\/index.php?rest_route=%2Fwp%2Fv2%2Fcategories&post=2398"},{"taxonomy":"post_tag","embeddable":true,"href":"https:\/\/sinservregional.com.br\/site\/index.php?rest_route=%2Fwp%2Fv2%2Ftags&post=2398"}],"curies":[{"name":"wp","href":"https:\/\/api.w.org\/{rel}","templated":true}]}}