{"id":2389,"date":"2012-03-16T09:38:52","date_gmt":"2012-03-16T09:38:52","guid":{"rendered":"http:\/\/sinservregional.com.br\/site\/?p=2389"},"modified":"2012-03-16T09:38:52","modified_gmt":"2012-03-16T09:38:52","slug":"base-aliada-aumenta-criticas-contra-ideli-salvatti","status":"publish","type":"post","link":"https:\/\/sinservregional.com.br\/site\/?p=2389","title":{"rendered":"Base aliada aumenta cr\u00edticas contra Ideli Salvatti"},"content":{"rendered":"<p><img loading=\"lazy\" decoding=\"async\" src=\"http:\/\/www.bahianoticias.com.br\/fotos\/principal_noticias\/112975\/IMAGEM_NOTICIA_3.jpg\" border=\"0\" hspace=\"10\" vspace=\"10\" width=\"259\" height=\"259\" align=\"left\" \/><\/p>\n<p style=\"text-align: justify; line-height: normal\" class=\"MsoNormal\"><span style=\"font-size: 10pt; font-family: Verdana, sans-serif\"><font color=\"#000000\">Setores da base aliada insatisfeitos com o Pal\u00e1cio do Planalto elegeram como alvo a ministra das Rela\u00e7\u00f5es Institucionais Ideli Salvatti, informa reportagem desta sexta-feira (16) do jornal Folha de S. Paulo. Diversos parlamentares, sobretudo do PT e do PMDB, reclamam do estilo \u201ctruculento\u201d e \u201cintransigente\u201d de Ideli, respons\u00e1vel direta por intermediar o di\u00e1logo entre o governo e os congressistas. De acordo com a parcela que se queixa da ministra, Ideli quer impor vontades e n\u00e3o possibilita negociar. A crise entre o governo e a base foi iniciada na \u00faltima semana, quando o plen\u00e1rio do Senado \u2013 comandado pelo PMDB \u2013 n\u00e3o seguiu a vontade do Planalto e rejeitou a recondu\u00e7\u00e3o de Bernardo Figueiredo para a diretoria-geral da Ag\u00eancia Nacional de Transportes Terrestres (ANTT). Mais recentemente, os senadores do PR se colocaram como integrantes da oposi\u00e7\u00e3o.<\/font><\/span><\/p>\n","protected":false},"excerpt":{"rendered":"<p>Setores da base aliada insatisfeitos com o Pal\u00e1cio do Planalto elegeram como alvo a ministra das Rela\u00e7\u00f5es Institucionais Ideli Salvatti, informa reportagem desta sexta-feira (16) do jornal Folha de S. Paulo. Diversos parlamentares, sobretudo do PT e do PMDB, reclamam do estilo \u201ctruculento\u201d e \u201cintransigente\u201d de Ideli, respons\u00e1vel direta por intermediar o di\u00e1logo entre o &hellip; <\/p>\n","protected":false},"author":1,"featured_media":0,"comment_status":"open","ping_status":"open","sticky":false,"template":"","format":"standard","meta":{"footnotes":""},"categories":[15],"tags":[],"class_list":["post-2389","post","type-post","status-publish","format-standard","hentry","category-c34-gerais"],"_links":{"self":[{"href":"https:\/\/sinservregional.com.br\/site\/index.php?rest_route=\/wp\/v2\/posts\/2389","targetHints":{"allow":["GET"]}}],"collection":[{"href":"https:\/\/sinservregional.com.br\/site\/index.php?rest_route=\/wp\/v2\/posts"}],"about":[{"href":"https:\/\/sinservregional.com.br\/site\/index.php?rest_route=\/wp\/v2\/types\/post"}],"author":[{"embeddable":true,"href":"https:\/\/sinservregional.com.br\/site\/index.php?rest_route=\/wp\/v2\/users\/1"}],"replies":[{"embeddable":true,"href":"https:\/\/sinservregional.com.br\/site\/index.php?rest_route=%2Fwp%2Fv2%2Fcomments&post=2389"}],"version-history":[{"count":0,"href":"https:\/\/sinservregional.com.br\/site\/index.php?rest_route=\/wp\/v2\/posts\/2389\/revisions"}],"wp:attachment":[{"href":"https:\/\/sinservregional.com.br\/site\/index.php?rest_route=%2Fwp%2Fv2%2Fmedia&parent=2389"}],"wp:term":[{"taxonomy":"category","embeddable":true,"href":"https:\/\/sinservregional.com.br\/site\/index.php?rest_route=%2Fwp%2Fv2%2Fcategories&post=2389"},{"taxonomy":"post_tag","embeddable":true,"href":"https:\/\/sinservregional.com.br\/site\/index.php?rest_route=%2Fwp%2Fv2%2Ftags&post=2389"}],"curies":[{"name":"wp","href":"https:\/\/api.w.org\/{rel}","templated":true}]}}