{"id":2382,"date":"2012-03-15T09:34:02","date_gmt":"2012-03-15T09:34:02","guid":{"rendered":"http:\/\/sinservregional.com.br\/site\/?p=2382"},"modified":"2012-03-15T09:34:02","modified_gmt":"2012-03-15T09:34:02","slug":"anuidade-de-cartoes-de-credito-sobe-ate-270","status":"publish","type":"post","link":"https:\/\/sinservregional.com.br\/site\/?p=2382","title":{"rendered":"Anuidade de cart\u00f5es de cr\u00e9dito sobe at\u00e9 270%"},"content":{"rendered":"<p style=\"margin-top: 0cm; margin-right: 0cm; margin-left: 0cm; margin-bottom: 0.0001pt; text-align: justify\"><img loading=\"lazy\" decoding=\"async\" src=\"http:\/\/www.atarde.com.br\/arquivos\/2012\/03\/257356.jpg\" border=\"0\" hspace=\"10\" vspace=\"10\" width=\"257\" height=\"181\" align=\"left\" \/><\/p>\n<p style=\"text-align: justify; margin-top: 0cm; margin-right: 0cm; margin-left: 0cm; margin-bottom: 0.0001pt\"><span style=\"font-size: 10pt; font-family: Verdana, sans-serif\"><font color=\"#000000\">Ir pessoalmente at\u00e9 o banco ou negociar por telefone s\u00e3o as alternativas que restam ao consumidor quando o assunto \u00e9 a redu\u00e7\u00e3o das altas taxas de anuidade cobradas pelo uso dos cart\u00f5es de cr\u00e9dito. Segundo estudo realizado pela Associa\u00e7\u00e3o Brasileira de Defesa do Consumidor (Proteste) com 46 cart\u00f5es de 13 institui\u00e7\u00f5es<span class=\"apple-converted-space\">\u00a0<\/span><a href=\"http:\/\/www.atarde.com.br\/economia\/noticia.jsf?id=5819942&#038;t=Anuidade+de+cartoes+de+credito+sobe+ate+270\"><strong>financeiras<\/strong><\/a>, entre 2010 e 2011 os valores tiveram eleva\u00e7\u00e3o de at\u00e9 270%. No entanto, de acordo com o Servi\u00e7o de Prote\u00e7\u00e3o e Defesa do Consumidor da Bahia (Procon-BA), o aumento em si n\u00e3o caracteriza uma ilegalidade.<\/font><\/span><\/p>\n<p style=\"text-align: justify; margin-top: 7.5pt; margin-right: 0cm; margin-left: 0cm; margin-bottom: 0.0001pt\"><font color=\"#000000\"><span style=\"font-size: 10pt; font-family: Verdana, sans-serif\">\u201cN\u00e3o h\u00e1 tabela ou \u00edndice que regule esses valores, eles s\u00e3o livres. Cabe ao consumidor pesquisar, negociar e tentar fazer pacotes com os bancos em condi\u00e7\u00f5es amig\u00e1veis\u201d, explica a coordenadora de estudos e pesquisas do Procon, Fl\u00e1via Pietre. <\/span><span style=\"font-size: 10pt; font-family: Verdana, sans-serif\">De acordo com o estudo do Proteste a alta foi generalizada, superando 20%, mas o cart\u00e3o que obteve o maior reajuste foi o American Express Blue, do Bradesco, que saiu de uma anuidade de R$ 27 em 2010, para R$ 100 em 2011 &#8211; um aumento de 270%.<\/span><\/font><\/p>\n<p style=\"text-align: justify; margin-top: 7.5pt; margin-right: 0cm; margin-left: 0cm; margin-bottom: 0.0001pt\"><font color=\"#000000\"><span style=\"font-size: 10pt; font-family: Verdana, sans-serif\">Um comunicado enviado por e-mail pela assessoria do banco diz que \u201co produto ganhou um novo<span class=\"apple-converted-space\">\u00a0<\/span><\/span><span style=\"font-size: 10pt; font-family: Verdana, sans-serif\"><a href=\"http:\/\/www.atarde.com.br\/economia\/noticia.jsf?id=5819942&#038;t=Anuidade+de+cartoes+de+credito+sobe+ate+270\"><strong>programa<\/strong><\/a><\/span><span class=\"apple-converted-space\"><span style=\"font-size: 10pt; font-family: Verdana, sans-serif\"><span style=\"text-align: -webkit-auto\">\u00a0<\/span><\/span><span style=\"font-size: 10pt; font-family: Verdana, sans-serif\">de fidelidade, com mais benef\u00edcios ao cliente. Neste reposicionamento, os portadores do cart\u00e3o tiveram 50% de desconto na anuidade\u201d. No caso, a anuidade que seria de R$ 100 passou a R$ 50, o que ainda assim representa um aumento de 85% com rela\u00e7\u00e3o ao pre\u00e7o de 2010.<\/span><\/span><\/font><\/p>\n<p style=\"text-align: justify; margin-top: 7.5pt; margin-right: 0cm; margin-left: 0cm; margin-bottom: 0.0001pt\"><font color=\"#000000\"><span style=\"font-size: 10pt; font-family: Verdana, sans-serif\">Para a coordenadora<span class=\"apple-converted-space\">\u00a0<\/span><\/span><span style=\"font-size: 10pt; font-family: Verdana, sans-serif\"><a href=\"http:\/\/www.atarde.com.br\/economia\/noticia.jsf?id=5819942&#038;t=Anuidade+de+cartoes+de+credito+sobe+ate+270\"><strong>institucional<\/strong><\/a><\/span><span class=\"apple-converted-space\"><span style=\"font-size: 10pt; font-family: Verdana, sans-serif\"><span style=\"text-align: -webkit-auto\">\u00a0<\/span><\/span><span style=\"font-size: 10pt; font-family: Verdana, sans-serif\">do Proteste, Maria In\u00eas Dolci, o reajuste \u00e9 uma forma de driblar a Resolu\u00e7\u00e3o 3.919 do Conselho Monet\u00e1rio Nacional (CMN), que limita a cinco o n\u00famero de tarifas que podem ser cobradas \u2013\u00a0 e passou a valer em junho de 2011 para novos cart\u00f5es contratados a partir daquela data. Em junho deste ano, entra em vigor para antigos cart\u00f5es.\u00a0 \u201cSem d\u00favidas h\u00e1 ind\u00edcios de que o aumento da anuidade tem rela\u00e7\u00e3o com a quantidade de tarifas cobradas, j\u00e1 que isso n\u00e3o ocorreu entre 2009 e 2010\u201d, diz.\u00a0<\/span><\/span><\/font><span style=\"color: black; font-family: Verdana, sans-serif; font-size: 10pt\">Com informa\u00e7\u00f5es, A Tarde.<\/span><\/p>\n<p style=\"margin-top: 7.5pt; margin-right: 0cm; margin-left: 0cm; margin-bottom: 0.0001pt\">\u00a0<\/p>\n","protected":false},"excerpt":{"rendered":"<p>Ir pessoalmente at\u00e9 o banco ou negociar por telefone s\u00e3o as alternativas que restam ao consumidor quando o assunto \u00e9 a redu\u00e7\u00e3o das altas taxas de anuidade cobradas pelo uso dos cart\u00f5es de cr\u00e9dito. Segundo estudo realizado pela Associa\u00e7\u00e3o Brasileira de Defesa do Consumidor (Proteste) com 46 cart\u00f5es de 13 institui\u00e7\u00f5es\u00a0financeiras, entre 2010 e 2011 &hellip; <\/p>\n","protected":false},"author":1,"featured_media":0,"comment_status":"open","ping_status":"open","sticky":false,"template":"","format":"standard","meta":{"footnotes":""},"categories":[15],"tags":[],"class_list":["post-2382","post","type-post","status-publish","format-standard","hentry","category-c34-gerais"],"_links":{"self":[{"href":"https:\/\/sinservregional.com.br\/site\/index.php?rest_route=\/wp\/v2\/posts\/2382","targetHints":{"allow":["GET"]}}],"collection":[{"href":"https:\/\/sinservregional.com.br\/site\/index.php?rest_route=\/wp\/v2\/posts"}],"about":[{"href":"https:\/\/sinservregional.com.br\/site\/index.php?rest_route=\/wp\/v2\/types\/post"}],"author":[{"embeddable":true,"href":"https:\/\/sinservregional.com.br\/site\/index.php?rest_route=\/wp\/v2\/users\/1"}],"replies":[{"embeddable":true,"href":"https:\/\/sinservregional.com.br\/site\/index.php?rest_route=%2Fwp%2Fv2%2Fcomments&post=2382"}],"version-history":[{"count":0,"href":"https:\/\/sinservregional.com.br\/site\/index.php?rest_route=\/wp\/v2\/posts\/2382\/revisions"}],"wp:attachment":[{"href":"https:\/\/sinservregional.com.br\/site\/index.php?rest_route=%2Fwp%2Fv2%2Fmedia&parent=2382"}],"wp:term":[{"taxonomy":"category","embeddable":true,"href":"https:\/\/sinservregional.com.br\/site\/index.php?rest_route=%2Fwp%2Fv2%2Fcategories&post=2382"},{"taxonomy":"post_tag","embeddable":true,"href":"https:\/\/sinservregional.com.br\/site\/index.php?rest_route=%2Fwp%2Fv2%2Ftags&post=2382"}],"curies":[{"name":"wp","href":"https:\/\/api.w.org\/{rel}","templated":true}]}}