{"id":2381,"date":"2012-03-14T09:18:28","date_gmt":"2012-03-14T09:18:28","guid":{"rendered":"http:\/\/sinservregional.com.br\/site\/?p=2381"},"modified":"2012-03-14T09:18:28","modified_gmt":"2012-03-14T09:18:28","slug":"paralisacao-de-professores-da-rede-publica-comeca-nesta-quarta","status":"publish","type":"post","link":"https:\/\/sinservregional.com.br\/site\/?p=2381","title":{"rendered":"Paralisa\u00e7\u00e3o de professores da rede p\u00fablica come\u00e7a nesta quarta"},"content":{"rendered":"<p class=\"MsoNormal\">\u00a0<\/p>\n<p style=\"text-align: justify\" class=\"MsoNormal\"><font class=\"Apple-style-span\" color=\"#000000\"><span class=\"apple-style-span\"><span style=\"font-size: 10pt; line-height: 115%; font-family: Verdana, sans-serif\">A<\/span><\/span><span class=\"apple-converted-space\"><span style=\"font-size: 10pt; line-height: 115%; font-family: Verdana, sans-serif\">\u00a0<\/span><\/span><strong><span style=\"font-size: 10pt; line-height: 115%; font-family: Verdana, sans-serif\"><a href=\"http:\/\/www.bahianoticias.com.br\/principal\/noticia\/112748-professores-das-redes-estadual-e-municipal-paralisam-suas-atividades-nesta-quarta.html\" target=\"_blank\"><span style=\"text-decoration: none\">paralisa\u00e7\u00e3o de professores das redes estadual e municipal de ensino<\/span><\/a><\/span><\/strong><span class=\"apple-converted-space\"><span style=\"font-size: 10pt; line-height: 115%; font-family: Verdana, sans-serif\"><span style=\"float: none\">\u00a0<\/span><\/span><span class=\"apple-style-span\"><span style=\"font-size: 10pt; line-height: 115%; font-family: Verdana, sans-serif\">come\u00e7a nesta quarta-feira (14) em todo o estado. A iniciativa da Confedera\u00e7\u00e3o Nacional dos Trabalhadores em Educa\u00e7\u00e3o (CNTE) tem o objetivo de exigir das autoridades o cumprimento do piso salarial, que teve reajuste de 22% no m\u00eas de fevereiro deste ano. Al\u00e9m disso, faz parte da pauta de reivindica\u00e7\u00f5es a destina\u00e7\u00e3o de 10% do Produto Interno Bruto (PIB) para o segmento educacional e a oferta de um plano de sa\u00fade para os docentes da rede municipal. A paralisa\u00e7\u00e3o seguir\u00e1 at\u00e9 sexta (16) e o Sindicato dos Trabalhadores em Educa\u00e7\u00e3o (APLB) espera que as mais de 900 escolas, entre municipais e estaduais, entrem no movimento. Em Salvador, uma passeata acontece a partir das 9h, com concentra\u00e7\u00e3o na Pra\u00e7a da Piedade.<\/span><\/span><\/span><\/font><\/p>\n<p>\u00a0<\/p>\n","protected":false},"excerpt":{"rendered":"<p>\u00a0 A\u00a0paralisa\u00e7\u00e3o de professores das redes estadual e municipal de ensino\u00a0come\u00e7a nesta quarta-feira (14) em todo o estado. A iniciativa da Confedera\u00e7\u00e3o Nacional dos Trabalhadores em Educa\u00e7\u00e3o (CNTE) tem o objetivo de exigir das autoridades o cumprimento do piso salarial, que teve reajuste de 22% no m\u00eas de fevereiro deste ano. Al\u00e9m disso, faz parte &hellip; <\/p>\n","protected":false},"author":1,"featured_media":0,"comment_status":"open","ping_status":"open","sticky":false,"template":"","format":"standard","meta":{"footnotes":""},"categories":[15],"tags":[],"class_list":["post-2381","post","type-post","status-publish","format-standard","hentry","category-c34-gerais"],"_links":{"self":[{"href":"https:\/\/sinservregional.com.br\/site\/index.php?rest_route=\/wp\/v2\/posts\/2381","targetHints":{"allow":["GET"]}}],"collection":[{"href":"https:\/\/sinservregional.com.br\/site\/index.php?rest_route=\/wp\/v2\/posts"}],"about":[{"href":"https:\/\/sinservregional.com.br\/site\/index.php?rest_route=\/wp\/v2\/types\/post"}],"author":[{"embeddable":true,"href":"https:\/\/sinservregional.com.br\/site\/index.php?rest_route=\/wp\/v2\/users\/1"}],"replies":[{"embeddable":true,"href":"https:\/\/sinservregional.com.br\/site\/index.php?rest_route=%2Fwp%2Fv2%2Fcomments&post=2381"}],"version-history":[{"count":0,"href":"https:\/\/sinservregional.com.br\/site\/index.php?rest_route=\/wp\/v2\/posts\/2381\/revisions"}],"wp:attachment":[{"href":"https:\/\/sinservregional.com.br\/site\/index.php?rest_route=%2Fwp%2Fv2%2Fmedia&parent=2381"}],"wp:term":[{"taxonomy":"category","embeddable":true,"href":"https:\/\/sinservregional.com.br\/site\/index.php?rest_route=%2Fwp%2Fv2%2Fcategories&post=2381"},{"taxonomy":"post_tag","embeddable":true,"href":"https:\/\/sinservregional.com.br\/site\/index.php?rest_route=%2Fwp%2Fv2%2Ftags&post=2381"}],"curies":[{"name":"wp","href":"https:\/\/api.w.org\/{rel}","templated":true}]}}