{"id":2373,"date":"2012-03-12T09:00:02","date_gmt":"2012-03-12T09:00:02","guid":{"rendered":"http:\/\/sinservregional.com.br\/site\/?p=2373"},"modified":"2012-03-12T09:00:02","modified_gmt":"2012-03-12T09:00:02","slug":"oh-o-sindseps-chegou-agentes-de-combate-as-endemias-decidem-juntar-se-a-luta","status":"publish","type":"post","link":"https:\/\/sinservregional.com.br\/site\/?p=2373","title":{"rendered":"\u201cOh, o Sindseps chegou!\u201d: agentes de combate \u00e0s endemias decidem juntar-se \u00e0 luta"},"content":{"rendered":"<p><img loading=\"lazy\" decoding=\"async\" src=\"http:\/\/www.sindseps.com.br\/wp-content\/uploads\/P1340143.jpg\" border=\"0\" hspace=\"10\" vspace=\"10\" width=\"257\" height=\"193\" align=\"left\" \/><\/p>\n<p style=\"margin-top: 0cm; margin-right: 0cm; margin-bottom: 10.5pt; margin-left: 0cm; text-align: justify; line-height: 14.25pt; background-image: initial; background-attachment: initial; background-origin: initial; background-clip: initial; background-color: white\"><span style=\"color: #000000; font-family: Verdana, sans-serif; font-size: 13px; line-height: 15px\" class=\"Apple-style-span\">Os agentes de combate \u00e0s endemias e comunit\u00e1rios de sa\u00fade de Salvador decidiram na manh\u00e3 desta sexta-feira (09) em assembleia realizada na quadra do Sindicato dos Banc\u00e1rios, na Ladeira dos Aflitos, em Salvador, que n\u00e3o aceitam mais a representa\u00e7\u00e3o do Sindicato dos Agentes Comunit\u00e1rios de Sa\u00fade e de Contendores de Doen\u00e7as End\u00eamicas \u2013 Sindacs.<\/span><\/p>\n<p style=\"text-align: justify; margin-top: 0cm; margin-right: 0cm; margin-bottom: 10.5pt; margin-left: 0cm; background-image: initial; background-attachment: initial; background-origin: initial; background-clip: initial; background-color: white\"><span style=\"font-size: 10pt; font-family: Verdana, sans-serif\"><font class=\"Apple-style-span\" color=\"#000000\">Por decis\u00e3o un\u00e2nime da categoria presente na assembleia, os trabalhadores resolveram escolher a representatividade do Sindicato dos Servidores Municipais de Salvador \u2013 Sindseps, pela forma com que foram acolhidos pela entidade, bem como, o hist\u00f3rico positivo nas negocia\u00e7\u00f5es sindicais.<\/font><\/span><\/p>\n<p> <!--more-->   <\/p>\n<p style=\"text-align: justify; margin-top: 0cm; margin-right: 0cm; margin-bottom: 10.5pt; margin-left: 0cm; background-image: initial; background-attachment: initial; background-origin: initial; background-clip: initial; background-color: white\"><span style=\"font-size: 10pt; font-family: Verdana, sans-serif\"><font class=\"Apple-style-span\" color=\"#000000\">V\u00e1rios trabalhadores que participam da assembleia j\u00e1 assinavam a ficha de filia\u00e7\u00e3o ao Sindseps bem antes da decis\u00e3o soberana da categoria, na afirma\u00e7\u00e3o de que o sindicato deveria ser a verdadeira representatividade da categoria. Logo ap\u00f3s a decis\u00e3o, um grito soou nas vozes emocionadas dos trabalhadores: \u201coooh, o Sindseps chegou, o Sindseps chegou!\u201d<\/font><\/span><\/p>\n<p style=\"text-align: justify; margin-top: 0cm; margin-right: 0cm; margin-bottom: 10.5pt; margin-left: 0cm; background-image: initial; background-attachment: initial; background-origin: initial; background-clip: initial; background-color: white\"><font class=\"Apple-style-span\" color=\"#000000\"><span style=\"font-size: 10pt; font-family: Verdana, sans-serif\">\u201cO Sindseps \u00e9 um sindicato de lutas hist\u00f3ricas, e essa representa\u00e7\u00e3o atuante do servidor municipal \u00e9 a<span class=\"apple-converted-space\">\u00a0<\/span><span class=\"apple-style-span\"><span style=\"background-image: initial; background-attachment: initial; background-origin: initial; background-clip: initial; background-color: white\">nossa premissa.<\/span><\/span><span class=\"apple-converted-space\"><span style=\"background-image: initial; background-attachment: initial; background-origin: initial; background-clip: initial; background-color: white\">\u00a0<\/span><\/span><\/span><span class=\"apple-style-span\"><span style=\"background-image: initial; background-attachment: initial; background-origin: initial; background-clip: initial; background-color: white\">N\u00e3o poder\u00edamos continuar aceitando a ideia de que trabalhadores do servi\u00e7o p\u00fablico municipal estivessem sendo tratados como servidores de \u2018segunda categoria\u2019. Ser passivo a isso n\u00e3o corresponde a uma verdadeira atua\u00e7\u00e3o sindical. \u00c9 um desrespeito para com o servidor p\u00fablico e sua dignidade. Isonomia \u00e9 a palavra. Todos servidores municipais devem ser tratados com igualdade. E para isso, n\u00f3s do Sindseps nos juntamos \u00e0 luta dos agentes de combate \u00e0s endemias e comunit\u00e1rios de sa\u00fade para mudar essa realidade\u201d, afirmou Jeiel Soares, coordenador do sindicato.<\/span><\/span><\/font><\/p>\n<p style=\"text-align: justify; margin-top: 0cm; margin-right: 0cm; margin-left: 0cm; margin-bottom: 0.0001pt; background-image: initial; background-attachment: initial; background-origin: initial; background-clip: initial; background-color: white\"><span style=\"font-size: 10pt; font-family: Verdana, sans-serif\"><font class=\"Apple-style-span\" color=\"#000000\">\u201cN\u00f3s sempre tivemos a capacidade de entender as necessidades dos servidores municipais, pois nossa atua\u00e7\u00e3o \u00e9 feita por todos os<span class=\"apple-converted-space\">\u00a0<\/span>trabalhadores que se juntam \u00e0 luta por um servi\u00e7o p\u00fablico de qualidade. Seria injusto que os agentes comunit\u00e1rios de sa\u00fade e de combate \u00e0s endemias continuassem sofrendo com o desrespeito da administra\u00e7\u00e3o municipal, e quem dizia representar a categoria continuasse passivo e alheio \u00e0 situa\u00e7\u00e3o que afrontava os direitos da categoria\u201d, enfatizou Everaldo Braga, diretor do Sindseps.<\/font><\/span><\/p>\n<p style=\"text-align: justify; margin-top: 0cm; margin-right: 0cm; margin-left: 0cm; margin-bottom: 0.0001pt; background-image: initial; background-attachment: initial; background-origin: initial; background-clip: initial; background-color: white\"><span style=\"font-size: 10pt; font-family: Verdana, sans-serif\"><font class=\"Apple-style-span\" color=\"#000000\">\u00a0<\/font><\/span><\/p>\n<p style=\"text-align: justify; margin-top: 0cm; margin-right: 0cm; margin-left: 0cm; margin-bottom: 0.0001pt; background-image: initial; background-attachment: initial; background-origin: initial; background-clip: initial; background-color: white\"><span style=\"font-size: 10pt; font-family: Verdana, sans-serif\"><font class=\"Apple-style-span\" color=\"#000000\">\u201cN\u00e3o titubearemos de nenhuma forma, pois acreditamos que servidor valorizado \u00e9 mais eficaz, mais eficiente para o servi\u00e7o p\u00fablico, e consequentemente para a cidade. Por isso, ofertamos a nossa experi\u00eancia e capacidade de luta para somar com a garra dos agentes de combate \u00e0s endemias, e juntos, repito, juntos, possamos garantir osdireitos conquistados pelos trabalhadores, muito mais pela vontade de transforma\u00e7\u00e3o, que pela atua\u00e7\u00e3o de pessoas que n\u00e3o honravam a representatividade outorgada pelos trabalhadores. Uma nova hist\u00f3ria ser\u00e1 escrita entre esses trabalhadores\u201d, disse Helivaldo \u201cAlem\u00e3o\u201d que faz parte da diretoria do Sindseps.<\/font><\/span><\/p>\n<p style=\"text-align: justify; margin-top: 0cm; margin-right: 0cm; margin-left: 0cm; margin-bottom: 0.0001pt; background-image: initial; background-attachment: initial; background-origin: initial; background-clip: initial; background-color: white\"><span style=\"font-size: 10pt; font-family: Verdana, sans-serif\"><font class=\"Apple-style-span\" color=\"#000000\">\u00a0<\/font><\/span><\/p>\n<p style=\"text-align: justify; margin-top: 0cm; margin-right: 0cm; margin-left: 0cm; margin-bottom: 0.0001pt; background-image: initial; background-attachment: initial; background-origin: initial; background-clip: initial; background-color: white\"><span style=\"font-size: 10pt; font-family: Verdana, sans-serif\"><font class=\"Apple-style-span\" color=\"#000000\">\u201cO Sindseps chegou! Nossa luta que tem sido sacrificante, intensa e di\u00e1ria. Feita com o suor e a vontade de mudar nossa situa\u00e7\u00e3o que \u00e9 humilhante. Somos tratados como sub-trabalhadores, e n\u00e3o temos respeito da administra\u00e7\u00e3o municipal, nem mesmo de nossos colegas<span class=\"apple-converted-space\">\u00a0<\/span>que ocupam cargos de supervis\u00e3o. Somos amea\u00e7ados diariamente por superiores que n\u00e3o suportam a ideia de que nossa luta nos levar\u00e1 \u00e0 vit\u00f3ria, e o apoio do Sindseps com a experi\u00eancia na batalha sindical nos dar\u00e1 suporte suficiente para continuarmos aguerridos na busca de nossas conquistas que ainda n\u00e3o sa\u00edram do papel e da demagogia dos pol\u00edticos\u201d, afirmou En\u00e1dio \u201cCareca\u201d, representante dos agentes de combate \u00e0s endemias.<\/font><\/span><\/p>\n<p style=\"margin-top: 0cm; margin-right: 0cm; margin-bottom: 10.5pt; margin-left: 0cm; background-image: initial; background-attachment: initial; background-origin: initial; background-clip: initial; background-color: white\"><span style=\"font-size: 10pt; font-family: Verdana, sans-serif\"><font class=\"Apple-style-span\" color=\"#000000\">\u00a0<\/font><\/span><\/p>\n<p style=\"line-height: normal\" class=\"MsoNormal\"><span style=\"font-size: 10pt; font-family: Verdana, sans-serif\"><font class=\"Apple-style-span\" color=\"#000000\">Com informa\u00e7\u00f5es do Sindseps<\/font><\/span><\/p>\n<p class=\"MsoNormal\"><span style=\"font-size: 10pt; line-height: 115%; font-family: Verdana, sans-serif\"><font class=\"Apple-style-span\" color=\"#000000\">\u00a0<\/font><\/span><\/p>\n<p>\u00a0<\/p>\n","protected":false},"excerpt":{"rendered":"<p>Os agentes de combate \u00e0s endemias e comunit\u00e1rios de sa\u00fade de Salvador decidiram na manh\u00e3 desta sexta-feira (09) em assembleia realizada na quadra do Sindicato dos Banc\u00e1rios, na Ladeira dos Aflitos, em Salvador, que n\u00e3o aceitam mais a representa\u00e7\u00e3o do Sindicato dos Agentes Comunit\u00e1rios de Sa\u00fade e de Contendores de Doen\u00e7as End\u00eamicas \u2013 Sindacs. Por &hellip; <\/p>\n","protected":false},"author":1,"featured_media":0,"comment_status":"open","ping_status":"open","sticky":false,"template":"","format":"standard","meta":{"footnotes":""},"categories":[15],"tags":[],"class_list":["post-2373","post","type-post","status-publish","format-standard","hentry","category-c34-gerais"],"_links":{"self":[{"href":"https:\/\/sinservregional.com.br\/site\/index.php?rest_route=\/wp\/v2\/posts\/2373","targetHints":{"allow":["GET"]}}],"collection":[{"href":"https:\/\/sinservregional.com.br\/site\/index.php?rest_route=\/wp\/v2\/posts"}],"about":[{"href":"https:\/\/sinservregional.com.br\/site\/index.php?rest_route=\/wp\/v2\/types\/post"}],"author":[{"embeddable":true,"href":"https:\/\/sinservregional.com.br\/site\/index.php?rest_route=\/wp\/v2\/users\/1"}],"replies":[{"embeddable":true,"href":"https:\/\/sinservregional.com.br\/site\/index.php?rest_route=%2Fwp%2Fv2%2Fcomments&post=2373"}],"version-history":[{"count":0,"href":"https:\/\/sinservregional.com.br\/site\/index.php?rest_route=\/wp\/v2\/posts\/2373\/revisions"}],"wp:attachment":[{"href":"https:\/\/sinservregional.com.br\/site\/index.php?rest_route=%2Fwp%2Fv2%2Fmedia&parent=2373"}],"wp:term":[{"taxonomy":"category","embeddable":true,"href":"https:\/\/sinservregional.com.br\/site\/index.php?rest_route=%2Fwp%2Fv2%2Fcategories&post=2373"},{"taxonomy":"post_tag","embeddable":true,"href":"https:\/\/sinservregional.com.br\/site\/index.php?rest_route=%2Fwp%2Fv2%2Ftags&post=2373"}],"curies":[{"name":"wp","href":"https:\/\/api.w.org\/{rel}","templated":true}]}}