{"id":2370,"date":"2012-03-09T12:05:09","date_gmt":"2012-03-09T12:05:09","guid":{"rendered":"http:\/\/sinservregional.com.br\/site\/?p=2370"},"modified":"2012-03-09T12:05:09","modified_gmt":"2012-03-09T12:05:09","slug":"dia-internacional-da-mulher-celebrado-com-alegria-e-consciencia","status":"publish","type":"post","link":"https:\/\/sinservregional.com.br\/site\/?p=2370","title":{"rendered":"Dia Internacional da Mulher celebrado com alegria e consci\u00eancia, em Jequi\u00e9"},"content":{"rendered":"<p style=\"text-align: justify; line-height: normal\" class=\"MsoNormal\"><img loading=\"lazy\" decoding=\"async\" class=\" alignleft size-full wp-image-2363\" src=\"https:\/\/sinservregional.com.br\/site\/wp-content\/uploads\/2012\/03\/diainternacionaldamulhersinserv.jpg\" border=\"0\" hspace=\"10\" vspace=\"10\" width=\"258\" height=\"194\" align=\"left\" srcset=\"https:\/\/sinservregional.com.br\/site\/wp-content\/uploads\/2012\/03\/diainternacionaldamulhersinserv.jpg 640w, https:\/\/sinservregional.com.br\/site\/wp-content\/uploads\/2012\/03\/diainternacionaldamulhersinserv-300x225.jpg 300w\" sizes=\"auto, (max-width: 258px) 100vw, 258px\" \/><\/p>\n<p style=\"text-align: justify\" class=\"MsoNormal\"><span style=\"font-size: 10pt; font-family: Verdana, sans-serif\"><font color=\"#000000\">O Sindicato dos Servidores P\u00fablicos Municipais de Jequi\u00e9 e Regi\u00e3o participou ativamente das celebra\u00e7\u00f5es do 08 de mar\u00e7o, data em que se comemora o \u2018Dia Internacional da Mulher\u2019. <\/font><\/span><\/p>\n<p style=\"text-align: justify\" class=\"MsoNormal\"><span style=\"font-size: 10pt; font-family: Verdana, sans-serif\"><font color=\"#000000\">O evento foi organizado pela Secretaria Municipal de Desenvolvimento Social que contou com a participa\u00e7\u00e3o da Delegacia Especializada de Atendimento \u00e0 Mulher, Centro de Refer\u00eancia em Direitos Humanos, Centro de Refer\u00eancia Especializado em Assist\u00eancia Social, UESB, SESC, Pol\u00edcia Millitar, Sind-Acs, dentre outros.<\/font><\/span><\/p>\n<p>\u00a0<\/p>\n<p> <!--more--> <\/p>\n<p>\u00a0<\/p>\n<p><img loading=\"lazy\" decoding=\"async\" class=\" alignleft size-full wp-image-2364\" src=\"https:\/\/sinservregional.com.br\/site\/wp-content\/uploads\/2012\/03\/orientacaojuridicasinservdiadamulher2012.jpg\" border=\"0\" hspace=\"10\" vspace=\"10\" width=\"259\" height=\"194\" align=\"left\" srcset=\"https:\/\/sinservregional.com.br\/site\/wp-content\/uploads\/2012\/03\/orientacaojuridicasinservdiadamulher2012.jpg 640w, https:\/\/sinservregional.com.br\/site\/wp-content\/uploads\/2012\/03\/orientacaojuridicasinservdiadamulher2012-300x225.jpg 300w\" sizes=\"auto, (max-width: 259px) 100vw, 259px\" \/><\/p>\n<p style=\"text-align: justify\"><span style=\"color: #000000; font-family: Verdana, sans-serif; font-size: 10pt; line-height: normal\">Desde a abertura do evento, na quarta-feira (7), as mulheres que por ali passavam, j\u00e1 contavam com os servi\u00e7os de orienta\u00e7\u00e3o jur\u00eddica, psicol\u00f3gica e palestras no estande do SINSERV.\u00a0<\/span><\/p>\n<p>\u00a0<\/p>\n<p style=\"text-align: justify\" class=\"MsoNormal\"><font color=\"#000000\">\u00a0\u00a0<\/font><\/p>\n<p style=\"text-align: justify\" class=\"MsoNormal\">\u00a0<\/p>\n<p style=\"text-align: justify\" class=\"MsoNormal\">\u00a0<\/p>\n<p style=\"text-align: justify\" class=\"MsoNormal\">\u00a0<\/p>\n<p><img loading=\"lazy\" decoding=\"async\" class=\" alignleft size-full wp-image-2366\" src=\"https:\/\/sinservregional.com.br\/site\/wp-content\/uploads\/2012\/03\/teatrodiadamulhersinserv.jpg\" border=\"0\" hspace=\"10\" vspace=\"10\" width=\"259\" height=\"194\" align=\"left\" srcset=\"https:\/\/sinservregional.com.br\/site\/wp-content\/uploads\/2012\/03\/teatrodiadamulhersinserv.jpg 640w, https:\/\/sinservregional.com.br\/site\/wp-content\/uploads\/2012\/03\/teatrodiadamulhersinserv-300x225.jpg 300w\" sizes=\"auto, (max-width: 259px) 100vw, 259px\" \/><\/p>\n<p style=\"text-align: justify\" class=\"MsoNormal\"><span style=\"font-size: 10pt; font-family: Verdana, sans-serif\"><font color=\"#000000\">Na quinta-feira (8), as atividades se estenderam durante todo o dia com apresenta\u00e7\u00f5es teatrais, servi\u00e7os de beleza, culin\u00e1ria, artesanato, cantoria, atividade f\u00edsica e sorteio de brindes.<\/font><\/span><\/p>\n<p style=\"text-align: justify\" class=\"MsoNormal\">\u00a0<\/p>\n<p style=\"text-align: justify\" class=\"MsoNormal\">\u00a0<\/p>\n<p style=\"text-align: justify\" class=\"MsoNormal\">\u00a0<\/p>\n<p style=\"text-align: justify\" class=\"MsoNormal\">\u00a0<\/p>\n<p style=\"text-align: justify\" class=\"MsoNormal\">\u00a0<\/p>\n<p><img loading=\"lazy\" decoding=\"async\" class=\" alignleft size-full wp-image-2368\" src=\"https:\/\/sinservregional.com.br\/site\/wp-content\/uploads\/2012\/03\/passeatadiadamulhersinserv2012.jpg\" border=\"0\" hspace=\"10\" vspace=\"10\" width=\"259\" height=\"194\" align=\"left\" srcset=\"https:\/\/sinservregional.com.br\/site\/wp-content\/uploads\/2012\/03\/passeatadiadamulhersinserv2012.jpg 640w, https:\/\/sinservregional.com.br\/site\/wp-content\/uploads\/2012\/03\/passeatadiadamulhersinserv2012-300x225.jpg 300w\" sizes=\"auto, (max-width: 259px) 100vw, 259px\" \/><\/p>\n<p style=\"text-align: justify\" class=\"MsoNormal\"><span style=\"color: #000000; font-family: Verdana, sans-serif; font-size: 10pt\">Por fim, fechando com \u2018chave de ouro\u2019, as mulheres fizeram uma caminhada pelas ruas do centro da cidade exibindo faixas e cartazes pelo fim da viol\u00eancia contra a mulher.<\/span><\/p>\n<p>\u00a0<\/p>\n","protected":false},"excerpt":{"rendered":"<p>O Sindicato dos Servidores P\u00fablicos Municipais de Jequi\u00e9 e Regi\u00e3o participou ativamente das celebra\u00e7\u00f5es do 08 de mar\u00e7o, data em que se comemora o \u2018Dia Internacional da Mulher\u2019. O evento foi organizado pela Secretaria Municipal de Desenvolvimento Social que contou com a participa\u00e7\u00e3o da Delegacia Especializada de Atendimento \u00e0 Mulher, Centro de Refer\u00eancia em Direitos &hellip; <\/p>\n","protected":false},"author":1,"featured_media":2363,"comment_status":"open","ping_status":"open","sticky":false,"template":"","format":"standard","meta":{"footnotes":""},"categories":[15],"tags":[],"class_list":["post-2370","post","type-post","status-publish","format-standard","has-post-thumbnail","hentry","category-c34-gerais"],"_links":{"self":[{"href":"https:\/\/sinservregional.com.br\/site\/index.php?rest_route=\/wp\/v2\/posts\/2370","targetHints":{"allow":["GET"]}}],"collection":[{"href":"https:\/\/sinservregional.com.br\/site\/index.php?rest_route=\/wp\/v2\/posts"}],"about":[{"href":"https:\/\/sinservregional.com.br\/site\/index.php?rest_route=\/wp\/v2\/types\/post"}],"author":[{"embeddable":true,"href":"https:\/\/sinservregional.com.br\/site\/index.php?rest_route=\/wp\/v2\/users\/1"}],"replies":[{"embeddable":true,"href":"https:\/\/sinservregional.com.br\/site\/index.php?rest_route=%2Fwp%2Fv2%2Fcomments&post=2370"}],"version-history":[{"count":0,"href":"https:\/\/sinservregional.com.br\/site\/index.php?rest_route=\/wp\/v2\/posts\/2370\/revisions"}],"wp:featuredmedia":[{"embeddable":true,"href":"https:\/\/sinservregional.com.br\/site\/index.php?rest_route=\/wp\/v2\/media\/2363"}],"wp:attachment":[{"href":"https:\/\/sinservregional.com.br\/site\/index.php?rest_route=%2Fwp%2Fv2%2Fmedia&parent=2370"}],"wp:term":[{"taxonomy":"category","embeddable":true,"href":"https:\/\/sinservregional.com.br\/site\/index.php?rest_route=%2Fwp%2Fv2%2Fcategories&post=2370"},{"taxonomy":"post_tag","embeddable":true,"href":"https:\/\/sinservregional.com.br\/site\/index.php?rest_route=%2Fwp%2Fv2%2Ftags&post=2370"}],"curies":[{"name":"wp","href":"https:\/\/api.w.org\/{rel}","templated":true}]}}