{"id":2348,"date":"2012-03-01T11:47:59","date_gmt":"2012-03-01T11:47:59","guid":{"rendered":"http:\/\/sinservregional.com.br\/site\/?p=2348"},"modified":"2012-03-01T11:47:59","modified_gmt":"2012-03-01T11:47:59","slug":"discussoes-de-temas-envolvendo-trabalhadores-em-saude-se-amplia-sera-agendada-outra-assembleia","status":"publish","type":"post","link":"https:\/\/sinservregional.com.br\/site\/?p=2348","title":{"rendered":"Discuss\u00f5es de temas envolvendo trabalhadores em Sa\u00fade se amplia. Ser\u00e1 agendada outra assembleia"},"content":{"rendered":"<p><img loading=\"lazy\" decoding=\"async\" class=\" alignleft size-full wp-image-2344\" src=\"https:\/\/sinservregional.com.br\/site\/wp-content\/uploads\/2012\/03\/assembleiadasaudesinservfev2012.jpg\" border=\"0\" hspace=\"10\" vspace=\"10\" width=\"256\" height=\"192\" align=\"left\" srcset=\"https:\/\/sinservregional.com.br\/site\/wp-content\/uploads\/2012\/03\/assembleiadasaudesinservfev2012.jpg 640w, https:\/\/sinservregional.com.br\/site\/wp-content\/uploads\/2012\/03\/assembleiadasaudesinservfev2012-300x225.jpg 300w\" sizes=\"auto, (max-width: 256px) 100vw, 256px\" \/><\/p>\n<p style=\"text-align: justify\" class=\"MsoNormal\"><span style=\"font-family: Verdana; font-size: 10pt\"><font color=\"#000000\">Na \u00faltima ter\u00e7a-feira, 28 de fevereiro de 2012, o SINSERV realizou uma assembleia extraordin\u00e1ria com todos os servidores da Sa\u00fade a fim de discutir, como tema principal, a afixa\u00e7\u00e3o dos nomes dos servidores nos locais de trabalho, condi\u00e7\u00f5es de trabalho, Sistema \u00danico de Sa\u00fade (SUS) dentre outros pontos.<\/font><\/span><\/p>\n<p style=\"text-align: justify\" class=\"MsoNormal\"><span style=\"font-family: Verdana; font-size: 10pt\"><font color=\"#000000\">Para essa assembleia o sindicato convidou representantes do Conselho Municipal de Sa\u00fade, da Secretaria Municipal de Sa\u00fade, representantes dos trabalhadores em sa\u00fade, Comiss\u00e3o de Sa\u00fade da C\u00e2mara de Vereadores que justificou a aus\u00eancia por ter havido sess\u00e3o na c\u00e2mara e Minist\u00e9rio P\u00fablico, que n\u00e3o p\u00f4de se fazer presente.<\/font><\/span><\/p>\n<p> <!--more-->   <\/p>\n<p style=\"text-align: center\" class=\"MsoNormal\"><img loading=\"lazy\" decoding=\"async\" class=\" size-full wp-image-2346\" src=\"https:\/\/sinservregional.com.br\/site\/wp-content\/uploads\/2012\/03\/assembleiasinservsaudefev2012.jpg\" border=\"0\" hspace=\"10\" vspace=\"10\" width=\"256\" height=\"192\" srcset=\"https:\/\/sinservregional.com.br\/site\/wp-content\/uploads\/2012\/03\/assembleiasinservsaudefev2012.jpg 640w, https:\/\/sinservregional.com.br\/site\/wp-content\/uploads\/2012\/03\/assembleiasinservsaudefev2012-300x225.jpg 300w\" sizes=\"auto, (max-width: 256px) 100vw, 256px\" \/><\/p>\n<p style=\"text-align: justify\" class=\"MsoNormal\"><font color=\"#000000\"><span style=\"font-family: Verdana; font-size: 10pt\">As discuss\u00f5es tomaram propor\u00e7\u00f5es n\u00e3o programadas devido os temas abordados que transcenderam os problemas pontuais de cada unidade de sa\u00fade, dessa forma, representantes sindicais, comiss\u00f5es e categoria entendeu que se faz necess\u00e1rio ampliar as discuss\u00f5es envolvendo poderes p\u00fablicos, sociedade organizada e micro regi\u00e3o, ficando sob responsabilidade do SINSERV o agendamento de outra assembleia com data e local a ser confirmado. <\/span><span style=\"font-family: Verdana; font-size: 10pt\">\u00a0<\/span><\/font><\/p>\n<p style=\"text-align: justify\" class=\"MsoNormal\"><span style=\"font-family: Verdana; font-size: 10pt\"><font color=\"#000000\">Por\u00e9m, um documento apresentado por uma servidora durante a assembleia relatando in\u00fameros problemas no Centro de Sa\u00fade Jequi\u00e9, local onde trabalha e, que reflete sem d\u00favida, outras unidades de sa\u00fade do munic\u00edpio, j\u00e1 foi encaminhado ao Conselho Municipal de Sa\u00fade pelo SINSERV.<\/font><\/span><\/p>\n<p class=\"MsoNormal\"><span style=\"font-size: 10pt; font-family: Verdana\"><font color=\"#000000\">\u00a0<\/font><\/span><\/p>\n<p class=\"MsoNormal\"><span style=\"font-size: 10pt; font-family: Verdana\"><font color=\"#000000\">\u00a0<\/font><\/span><\/p>\n<p><font color=\"#000000\">\u00a0<\/font><\/p>\n","protected":false},"excerpt":{"rendered":"<p>Na \u00faltima ter\u00e7a-feira, 28 de fevereiro de 2012, o SINSERV realizou uma assembleia extraordin\u00e1ria com todos os servidores da Sa\u00fade a fim de discutir, como tema principal, a afixa\u00e7\u00e3o dos nomes dos servidores nos locais de trabalho, condi\u00e7\u00f5es de trabalho, Sistema \u00danico de Sa\u00fade (SUS) dentre outros pontos. Para essa assembleia o sindicato convidou representantes &hellip; <\/p>\n","protected":false},"author":1,"featured_media":2344,"comment_status":"open","ping_status":"open","sticky":false,"template":"","format":"standard","meta":{"footnotes":""},"categories":[15],"tags":[],"class_list":["post-2348","post","type-post","status-publish","format-standard","has-post-thumbnail","hentry","category-c34-gerais"],"_links":{"self":[{"href":"https:\/\/sinservregional.com.br\/site\/index.php?rest_route=\/wp\/v2\/posts\/2348","targetHints":{"allow":["GET"]}}],"collection":[{"href":"https:\/\/sinservregional.com.br\/site\/index.php?rest_route=\/wp\/v2\/posts"}],"about":[{"href":"https:\/\/sinservregional.com.br\/site\/index.php?rest_route=\/wp\/v2\/types\/post"}],"author":[{"embeddable":true,"href":"https:\/\/sinservregional.com.br\/site\/index.php?rest_route=\/wp\/v2\/users\/1"}],"replies":[{"embeddable":true,"href":"https:\/\/sinservregional.com.br\/site\/index.php?rest_route=%2Fwp%2Fv2%2Fcomments&post=2348"}],"version-history":[{"count":0,"href":"https:\/\/sinservregional.com.br\/site\/index.php?rest_route=\/wp\/v2\/posts\/2348\/revisions"}],"wp:featuredmedia":[{"embeddable":true,"href":"https:\/\/sinservregional.com.br\/site\/index.php?rest_route=\/wp\/v2\/media\/2344"}],"wp:attachment":[{"href":"https:\/\/sinservregional.com.br\/site\/index.php?rest_route=%2Fwp%2Fv2%2Fmedia&parent=2348"}],"wp:term":[{"taxonomy":"category","embeddable":true,"href":"https:\/\/sinservregional.com.br\/site\/index.php?rest_route=%2Fwp%2Fv2%2Fcategories&post=2348"},{"taxonomy":"post_tag","embeddable":true,"href":"https:\/\/sinservregional.com.br\/site\/index.php?rest_route=%2Fwp%2Fv2%2Ftags&post=2348"}],"curies":[{"name":"wp","href":"https:\/\/api.w.org\/{rel}","templated":true}]}}