{"id":2325,"date":"2012-02-24T11:16:11","date_gmt":"2012-02-24T11:16:11","guid":{"rendered":"http:\/\/sinservregional.com.br\/site\/?p=2325"},"modified":"2012-02-24T11:16:11","modified_gmt":"2012-02-24T11:16:11","slug":"manifestacao-publica-denunciara-injustica-nas-prisoes-de-policiais-militares-de-jequie-nesta-sexta-24","status":"publish","type":"post","link":"https:\/\/sinservregional.com.br\/site\/?p=2325","title":{"rendered":"Manifesta\u00e7\u00e3o p\u00fablica denunciar\u00e1 injusti\u00e7a nas pris\u00f5es de Policiais Militares de Jequi\u00e9, nesta sexta (24)"},"content":{"rendered":"<p><img loading=\"lazy\" decoding=\"async\" src=\"https:\/\/lh6.googleusercontent.com\/-J3Eqqb3qRlo\/T0PLZ5SzhVI\/AAAAAAAAI-M\/pmVdTKssc5s\/s960\/408974_379245868752583_100000015193434_1564959_562747815_n.jpg\" border=\"0\" hspace=\"10\" vspace=\"10\" width=\"260\" height=\"146\" align=\"left\" \/><\/p>\n<p style=\"text-align: justify; line-height: normal\" class=\"MsoNormal\"><span style=\"font-size: 10pt; font-family: Verdana, sans-serif; background-image: initial; background-attachment: initial; background-origin: initial; background-clip: initial; background-color: white\"><font class=\"Apple-style-span\" color=\"#000000\">Familiares e amigos dos policiais militares de Jequi\u00e9, presos sob a acusa\u00e7\u00e3o de atos de vandalismo e outros crimes durante a paralisa\u00e7\u00e3o da PM baiana, far\u00e3o um ato de protesto nesta sexta-feira, 24\/02, \u00e0s 17 horas, com concentra\u00e7\u00e3o na Pra\u00e7a Ruy Barbosa. A manifesta\u00e7\u00e3o p\u00fablica tem como objetivo denunciar a injusti\u00e7a nas pris\u00f5es dos policiais militares, j\u00e1 que \u00e9 do conhecimento de toda a sociedade jequieense\u00a0 a conduta pac\u00edfica e ordeira dos PMs de Jequi\u00e9 durante a paralisa\u00e7\u00e3o da PM baiana. Neste momento, familiares e amigos pedem a toda comunidade que compartilhem esse ato, ajudando a divulgar o evento.<\/font><\/span><\/p>\n","protected":false},"excerpt":{"rendered":"<p>Familiares e amigos dos policiais militares de Jequi\u00e9, presos sob a acusa\u00e7\u00e3o de atos de vandalismo e outros crimes durante a paralisa\u00e7\u00e3o da PM baiana, far\u00e3o um ato de protesto nesta sexta-feira, 24\/02, \u00e0s 17 horas, com concentra\u00e7\u00e3o na Pra\u00e7a Ruy Barbosa. A manifesta\u00e7\u00e3o p\u00fablica tem como objetivo denunciar a injusti\u00e7a nas pris\u00f5es dos policiais &hellip; <\/p>\n","protected":false},"author":1,"featured_media":0,"comment_status":"open","ping_status":"open","sticky":false,"template":"","format":"standard","meta":{"footnotes":""},"categories":[15],"tags":[],"class_list":["post-2325","post","type-post","status-publish","format-standard","hentry","category-c34-gerais"],"_links":{"self":[{"href":"https:\/\/sinservregional.com.br\/site\/index.php?rest_route=\/wp\/v2\/posts\/2325","targetHints":{"allow":["GET"]}}],"collection":[{"href":"https:\/\/sinservregional.com.br\/site\/index.php?rest_route=\/wp\/v2\/posts"}],"about":[{"href":"https:\/\/sinservregional.com.br\/site\/index.php?rest_route=\/wp\/v2\/types\/post"}],"author":[{"embeddable":true,"href":"https:\/\/sinservregional.com.br\/site\/index.php?rest_route=\/wp\/v2\/users\/1"}],"replies":[{"embeddable":true,"href":"https:\/\/sinservregional.com.br\/site\/index.php?rest_route=%2Fwp%2Fv2%2Fcomments&post=2325"}],"version-history":[{"count":0,"href":"https:\/\/sinservregional.com.br\/site\/index.php?rest_route=\/wp\/v2\/posts\/2325\/revisions"}],"wp:attachment":[{"href":"https:\/\/sinservregional.com.br\/site\/index.php?rest_route=%2Fwp%2Fv2%2Fmedia&parent=2325"}],"wp:term":[{"taxonomy":"category","embeddable":true,"href":"https:\/\/sinservregional.com.br\/site\/index.php?rest_route=%2Fwp%2Fv2%2Fcategories&post=2325"},{"taxonomy":"post_tag","embeddable":true,"href":"https:\/\/sinservregional.com.br\/site\/index.php?rest_route=%2Fwp%2Fv2%2Ftags&post=2325"}],"curies":[{"name":"wp","href":"https:\/\/api.w.org\/{rel}","templated":true}]}}