{"id":2314,"date":"2012-02-23T08:06:12","date_gmt":"2012-02-23T08:06:12","guid":{"rendered":"http:\/\/sinservregional.com.br\/site\/?p=2314"},"modified":"2012-02-23T08:06:12","modified_gmt":"2012-02-23T08:06:12","slug":"jequie-prefeito-retorna-pedido-de-suplementacao-de-50-do-orcamento","status":"publish","type":"post","link":"https:\/\/sinservregional.com.br\/site\/?p=2314","title":{"rendered":"Jequi\u00e9: Prefeito retorna pedido de suplementa\u00e7\u00e3o de 50% do Or\u00e7amento"},"content":{"rendered":"<p style=\"text-align: justify; line-height: normal\" class=\"MsoNormal\"><span style=\"font-size: 10pt; font-family: Verdana, sans-serif; background-image: initial; background-attachment: initial; background-origin: initial; background-clip: initial; background-color: white\"><font color=\"#000000\">O vice-prefeito Eduardo Lopes (PSB) \u2013 respons\u00e1vel pelas articula\u00e7\u00f5es do Executivo com o Legislativo Municipal de Jequi\u00e9 \u2013 n\u00e3o se deu por vencido diante da n\u00e3o coloca\u00e7\u00e3o do projeto de lei que pede autoriza\u00e7\u00e3o para suplementa\u00e7\u00e3o do or\u00e7amento de 2012, na sess\u00e3o extraordin\u00e1ria do \u00faltimo dia 15, por falta do quorum m\u00ednimo necess\u00e1rio para aprova\u00e7\u00e3o da mat\u00e9ria. A aus\u00eancia do vereador Deyvison Batista (PT), inviabilizou a aprova\u00e7\u00e3o do parecer favor\u00e1vel da Comiss\u00e3o de Finan\u00e7as, elaborado pelo vereador Ivan do Leite (PSB) e os seis vereadores que da base do prefeito que estavam presentes se retiraram do plen\u00e1rio.\u00a0 Confiante em contar com os sete votos necess\u00e1rios [maioria absoluta], no qual est\u00e3o inclu\u00eddos o apoio dos dois vereadores da bancada petista \u2013 Deyvison Batista e Jos\u00e9 Wanderley \u2013 o projeto de lei estar\u00e1 em pauta, na quinta-feira (23), \u00e0s 18h, em nova sess\u00e3o extraordin\u00e1ria convocada pelo executivo municipal. Com a aprova\u00e7\u00e3o do percentual que est\u00e1 sendo solicitado, a Prefeitura ter\u00e1 garantidos recursos de cerca de R$ 150 milh\u00f5es do or\u00e7amento para cumprir livremente com os seus compromissos sem a necessidade de novas solicita\u00e7\u00f5es aos vereadores. \u201cCaso essa suplementa\u00e7\u00e3o seja aprovada a C\u00e2mara de Vereadores perder\u00e1 at\u00e9 o final desse \u00faltimo exerc\u00edcio a principal das suas atribui\u00e7\u00f5es. Estaremos dando um cheque em branco ao Executivo\u201d, comentou o vereador da bancada de oposi\u00e7\u00e3o, Jos\u00e9 Sim\u00f5es de Carvalho J\u00fanior (PP). Na sess\u00e3o est\u00e1 previsto a juntada ao projeto parecer conjunto favor\u00e1vel \u00e0 autoriza\u00e7\u00e3o da suplementa\u00e7\u00e3o,\u00a0 subscrito pelos vereadores Ivan do Leite (Finan\u00e7as) e Jos\u00e9 Wanderley (Justi\u00e7a).\u00a0<\/font><\/span><span style=\"background-color: white; font-family: Verdana, sans-serif; font-size: 10pt; line-height: 115%\">(JR)<\/span><\/p>\n","protected":false},"excerpt":{"rendered":"<p>O vice-prefeito Eduardo Lopes (PSB) \u2013 respons\u00e1vel pelas articula\u00e7\u00f5es do Executivo com o Legislativo Municipal de Jequi\u00e9 \u2013 n\u00e3o se deu por vencido diante da n\u00e3o coloca\u00e7\u00e3o do projeto de lei que pede autoriza\u00e7\u00e3o para suplementa\u00e7\u00e3o do or\u00e7amento de 2012, na sess\u00e3o extraordin\u00e1ria do \u00faltimo dia 15, por falta do quorum m\u00ednimo necess\u00e1rio para aprova\u00e7\u00e3o &hellip; <\/p>\n","protected":false},"author":1,"featured_media":0,"comment_status":"open","ping_status":"open","sticky":false,"template":"","format":"standard","meta":{"footnotes":""},"categories":[15],"tags":[],"class_list":["post-2314","post","type-post","status-publish","format-standard","hentry","category-c34-gerais"],"_links":{"self":[{"href":"https:\/\/sinservregional.com.br\/site\/index.php?rest_route=\/wp\/v2\/posts\/2314","targetHints":{"allow":["GET"]}}],"collection":[{"href":"https:\/\/sinservregional.com.br\/site\/index.php?rest_route=\/wp\/v2\/posts"}],"about":[{"href":"https:\/\/sinservregional.com.br\/site\/index.php?rest_route=\/wp\/v2\/types\/post"}],"author":[{"embeddable":true,"href":"https:\/\/sinservregional.com.br\/site\/index.php?rest_route=\/wp\/v2\/users\/1"}],"replies":[{"embeddable":true,"href":"https:\/\/sinservregional.com.br\/site\/index.php?rest_route=%2Fwp%2Fv2%2Fcomments&post=2314"}],"version-history":[{"count":0,"href":"https:\/\/sinservregional.com.br\/site\/index.php?rest_route=\/wp\/v2\/posts\/2314\/revisions"}],"wp:attachment":[{"href":"https:\/\/sinservregional.com.br\/site\/index.php?rest_route=%2Fwp%2Fv2%2Fmedia&parent=2314"}],"wp:term":[{"taxonomy":"category","embeddable":true,"href":"https:\/\/sinservregional.com.br\/site\/index.php?rest_route=%2Fwp%2Fv2%2Fcategories&post=2314"},{"taxonomy":"post_tag","embeddable":true,"href":"https:\/\/sinservregional.com.br\/site\/index.php?rest_route=%2Fwp%2Fv2%2Ftags&post=2314"}],"curies":[{"name":"wp","href":"https:\/\/api.w.org\/{rel}","templated":true}]}}