{"id":2291,"date":"2012-02-13T08:07:28","date_gmt":"2012-02-13T08:07:28","guid":{"rendered":"http:\/\/sinservregional.com.br\/site\/?p=2291"},"modified":"2012-02-13T08:07:28","modified_gmt":"2012-02-13T08:07:28","slug":"ministras-escolhem-a-bahia-para-lancar-campanha-contra-exploracao-sexual","status":"publish","type":"post","link":"https:\/\/sinservregional.com.br\/site\/?p=2291","title":{"rendered":"Ministras escolhem a Bahia para lan\u00e7ar campanha contra explora\u00e7\u00e3o sexual"},"content":{"rendered":"<p><img loading=\"lazy\" decoding=\"async\" src=\"http:\/\/www.bahianoticias.com.br\/fotos\/principal_noticias\/111040\/IMAGEM_NOTICIA_5.jpg\" border=\"0\" hspace=\"10\" vspace=\"10\" width=\"258\" height=\"190\" align=\"left\" \/><\/p>\n<p style=\"text-align: justify; line-height: normal\" class=\"MsoNormal\"><span class=\"apple-style-span\"><span style=\"font-size: 10pt; font-family: Verdana, sans-serif\"><font class=\"Apple-style-span\" color=\"#000000\">A campanha contra a explora\u00e7\u00e3o sexual de crian\u00e7as e adolescentes no Carnaval ser\u00e1 lan\u00e7ada no primeiro dia da festa momesca, nesta quinta-feira (16), na Bahia. De acordo com informa\u00e7\u00f5es da Coluna Panorama Pol\u00edtico deste domingo (12), no jornal O Globo, a escolha do estado para sediar o evento foi feito pelas ministras Maria do Ros\u00e1rio (Direitos Humanos), Ana de Hollanda (Cultura) e Luiza Bairros (Igualdade Racial).<\/font><\/span><\/span><\/p>\n","protected":false},"excerpt":{"rendered":"<p>A campanha contra a explora\u00e7\u00e3o sexual de crian\u00e7as e adolescentes no Carnaval ser\u00e1 lan\u00e7ada no primeiro dia da festa momesca, nesta quinta-feira (16), na Bahia. De acordo com informa\u00e7\u00f5es da Coluna Panorama Pol\u00edtico deste domingo (12), no jornal O Globo, a escolha do estado para sediar o evento foi feito pelas ministras Maria do Ros\u00e1rio &hellip; <\/p>\n","protected":false},"author":1,"featured_media":0,"comment_status":"open","ping_status":"open","sticky":false,"template":"","format":"standard","meta":{"footnotes":""},"categories":[15],"tags":[],"class_list":["post-2291","post","type-post","status-publish","format-standard","hentry","category-c34-gerais"],"_links":{"self":[{"href":"https:\/\/sinservregional.com.br\/site\/index.php?rest_route=\/wp\/v2\/posts\/2291","targetHints":{"allow":["GET"]}}],"collection":[{"href":"https:\/\/sinservregional.com.br\/site\/index.php?rest_route=\/wp\/v2\/posts"}],"about":[{"href":"https:\/\/sinservregional.com.br\/site\/index.php?rest_route=\/wp\/v2\/types\/post"}],"author":[{"embeddable":true,"href":"https:\/\/sinservregional.com.br\/site\/index.php?rest_route=\/wp\/v2\/users\/1"}],"replies":[{"embeddable":true,"href":"https:\/\/sinservregional.com.br\/site\/index.php?rest_route=%2Fwp%2Fv2%2Fcomments&post=2291"}],"version-history":[{"count":0,"href":"https:\/\/sinservregional.com.br\/site\/index.php?rest_route=\/wp\/v2\/posts\/2291\/revisions"}],"wp:attachment":[{"href":"https:\/\/sinservregional.com.br\/site\/index.php?rest_route=%2Fwp%2Fv2%2Fmedia&parent=2291"}],"wp:term":[{"taxonomy":"category","embeddable":true,"href":"https:\/\/sinservregional.com.br\/site\/index.php?rest_route=%2Fwp%2Fv2%2Fcategories&post=2291"},{"taxonomy":"post_tag","embeddable":true,"href":"https:\/\/sinservregional.com.br\/site\/index.php?rest_route=%2Fwp%2Fv2%2Ftags&post=2291"}],"curies":[{"name":"wp","href":"https:\/\/api.w.org\/{rel}","templated":true}]}}