{"id":2278,"date":"2012-02-10T08:37:03","date_gmt":"2012-02-10T08:37:03","guid":{"rendered":"http:\/\/sinservregional.com.br\/site\/?p=2278"},"modified":"2012-02-10T08:37:03","modified_gmt":"2012-02-10T08:37:03","slug":"greve-da-policia-esta-mantida-em-14-municipios-efetivos-retornaram-as-atividades","status":"publish","type":"post","link":"https:\/\/sinservregional.com.br\/site\/?p=2278","title":{"rendered":"Greve da pol\u00edcia est\u00e1 mantida. Em 14 munic\u00edpios efetivos retornaram as atividades"},"content":{"rendered":"<p style=\"margin-top: 0cm; margin-right: 0cm; margin-bottom: 7.5pt; margin-left: 0cm; text-align: justify; background-image: initial; background-attachment: initial; background-origin: initial; background-clip: initial; background-color: white; vertical-align: baseline\"><span style=\"font-size: 10pt; font-family: Verdana, sans-serif\"><font class=\"Apple-style-span\" color=\"#000000\">Em assembleia encerrada no in\u00edcio da noite de quinta-feira (9), em Salvador,\u00a0 os\u00a0 policiais militares baianos, representados por tr\u00eas associa\u00e7\u00f5es decidiram manter a greve e fizeram uma nova proposta para o governo. \u201cRua, rua, rua, a greve continua\u201d, gritavam os policiais militares depois da assembleia.\u00a0 Participaram da assembleia a Associa\u00e7\u00e3o dos Pra\u00e7as da Pol\u00edcia Militar (APPM), a Associa\u00e7\u00e3o dos Policiais, Bombeiros e seus Familiares (Aspra) e a Associa\u00e7\u00e3o de Sargentos e Sub-tenentes de Pol\u00edcia Militar. Segundo a Pol\u00edcia em 14\u00a0 munic\u00edpios do interior da Bahia os policiais decidiram encerrar a greve retornando as atividades.\u00a0 Segundo informa\u00e7\u00f5es do comandante da 34\u00aa Companhia Independente da Pol\u00edcia Militar (CIPM) de Brumado, major Arthur Mascarenhas, a decis\u00e3o na cidade foi tomada por volta das 10h e as viaturas da PM j\u00e1 voltaram a circular normalmente nas cidades da regi\u00e3o.\u00a0 \u201cA greve foi encerrada por conta de uma delibera\u00e7\u00e3o do comando geral, que informou que o movimento teria acabado\u201d, afirma o Comandante. \u201cTodo o efetivo da PM j\u00e1 voltou \u00e0s ruas em Brumado, Guanambi, Maca\u00fabas, Livramento de Nossa Senhora, Ibotirama e Po\u00e7\u00f5es\u201d.\u00a0 Al\u00e9m destes munic\u00edpios, em Campo Formoso, Cama\u00e7ari, Vera Cruz, Candeias, Sim\u00f5es Filho, Pojuca, Lauro de Freitas e Mata de S\u00e3o Jo\u00e3o\u00a0 os policiais voltaram a trabalhar normalmente e as viaturas da PM j\u00e1 est\u00e3o realizando rondas nas ruas da cidade.<\/font><\/span><\/p>\n","protected":false},"excerpt":{"rendered":"<p>Em assembleia encerrada no in\u00edcio da noite de quinta-feira (9), em Salvador,\u00a0 os\u00a0 policiais militares baianos, representados por tr\u00eas associa\u00e7\u00f5es decidiram manter a greve e fizeram uma nova proposta para o governo. \u201cRua, rua, rua, a greve continua\u201d, gritavam os policiais militares depois da assembleia.\u00a0 Participaram da assembleia a Associa\u00e7\u00e3o dos Pra\u00e7as da Pol\u00edcia Militar &hellip; <\/p>\n","protected":false},"author":1,"featured_media":0,"comment_status":"open","ping_status":"open","sticky":false,"template":"","format":"standard","meta":{"footnotes":""},"categories":[15],"tags":[],"class_list":["post-2278","post","type-post","status-publish","format-standard","hentry","category-c34-gerais"],"_links":{"self":[{"href":"https:\/\/sinservregional.com.br\/site\/index.php?rest_route=\/wp\/v2\/posts\/2278","targetHints":{"allow":["GET"]}}],"collection":[{"href":"https:\/\/sinservregional.com.br\/site\/index.php?rest_route=\/wp\/v2\/posts"}],"about":[{"href":"https:\/\/sinservregional.com.br\/site\/index.php?rest_route=\/wp\/v2\/types\/post"}],"author":[{"embeddable":true,"href":"https:\/\/sinservregional.com.br\/site\/index.php?rest_route=\/wp\/v2\/users\/1"}],"replies":[{"embeddable":true,"href":"https:\/\/sinservregional.com.br\/site\/index.php?rest_route=%2Fwp%2Fv2%2Fcomments&post=2278"}],"version-history":[{"count":0,"href":"https:\/\/sinservregional.com.br\/site\/index.php?rest_route=\/wp\/v2\/posts\/2278\/revisions"}],"wp:attachment":[{"href":"https:\/\/sinservregional.com.br\/site\/index.php?rest_route=%2Fwp%2Fv2%2Fmedia&parent=2278"}],"wp:term":[{"taxonomy":"category","embeddable":true,"href":"https:\/\/sinservregional.com.br\/site\/index.php?rest_route=%2Fwp%2Fv2%2Fcategories&post=2278"},{"taxonomy":"post_tag","embeddable":true,"href":"https:\/\/sinservregional.com.br\/site\/index.php?rest_route=%2Fwp%2Fv2%2Ftags&post=2278"}],"curies":[{"name":"wp","href":"https:\/\/api.w.org\/{rel}","templated":true}]}}