{"id":2267,"date":"2012-02-09T08:44:36","date_gmt":"2012-02-09T08:44:36","guid":{"rendered":"http:\/\/sinservregional.com.br\/site\/?p=2267"},"modified":"2012-02-09T08:44:36","modified_gmt":"2012-02-09T08:44:36","slug":"soldado-que-articulava-invasao-de-batalhao-e-presa","status":"publish","type":"post","link":"https:\/\/sinservregional.com.br\/site\/?p=2267","title":{"rendered":"Soldado que articulava invas\u00e3o de batalh\u00e3o \u00e9 presa"},"content":{"rendered":"<p style=\"text-align: justify; line-height: normal\" class=\"MsoNormal\"><span style=\"font-size: 10pt; font-family: Verdana, sans-serif\"><font color=\"#000000\">A Pol\u00edcia Federal prendeu na noite de quarta-feira (8) a soldado Jeane Batista de Souza, do Batalh\u00e3o de Guardas da Pol\u00edcia Militar, respons\u00e1vel pela prote\u00e7\u00e3o de todo o sistema prisional. Ela foi flagrada em escutas telef\u00f4nicas autorizadas pela Justi\u00e7a em conversas que articulavam uma invas\u00e3o do batalh\u00e3o, que fica no Complexo Penitenci\u00e1rio da Mata Escura, em Salvador. Segundo informa\u00e7\u00f5es do telejornal Bahia No Ar, quatro dos 12 mandados de pris\u00e3o j\u00e1 foram cumpridos contra integrantes do movimento, decretado ilegal pela Justi\u00e7a. Na madrugada de domingo (5), j\u00e1 havia sido preso o soldado Alvin dos Santos Silva, lotado na Companhia de Policiamento de Prote\u00e7\u00e3o Ambiental (COPPA) e, na ter\u00e7a-feira (7), o sargento Elias Alves de Santana, dirigente da Aspol.<\/font><\/span><span style=\"color: #444444; font-family: Verdana, sans-serif; font-size: 10pt\">(BN)<\/span><\/p>\n<p style=\"text-align: justify; line-height: normal\" class=\"MsoNormal\">\u00a0<\/p>\n","protected":false},"excerpt":{"rendered":"<p>A Pol\u00edcia Federal prendeu na noite de quarta-feira (8) a soldado Jeane Batista de Souza, do Batalh\u00e3o de Guardas da Pol\u00edcia Militar, respons\u00e1vel pela prote\u00e7\u00e3o de todo o sistema prisional. Ela foi flagrada em escutas telef\u00f4nicas autorizadas pela Justi\u00e7a em conversas que articulavam uma invas\u00e3o do batalh\u00e3o, que fica no Complexo Penitenci\u00e1rio da Mata Escura, &hellip; <\/p>\n","protected":false},"author":1,"featured_media":0,"comment_status":"open","ping_status":"open","sticky":false,"template":"","format":"standard","meta":{"footnotes":""},"categories":[15],"tags":[],"class_list":["post-2267","post","type-post","status-publish","format-standard","hentry","category-c34-gerais"],"_links":{"self":[{"href":"https:\/\/sinservregional.com.br\/site\/index.php?rest_route=\/wp\/v2\/posts\/2267","targetHints":{"allow":["GET"]}}],"collection":[{"href":"https:\/\/sinservregional.com.br\/site\/index.php?rest_route=\/wp\/v2\/posts"}],"about":[{"href":"https:\/\/sinservregional.com.br\/site\/index.php?rest_route=\/wp\/v2\/types\/post"}],"author":[{"embeddable":true,"href":"https:\/\/sinservregional.com.br\/site\/index.php?rest_route=\/wp\/v2\/users\/1"}],"replies":[{"embeddable":true,"href":"https:\/\/sinservregional.com.br\/site\/index.php?rest_route=%2Fwp%2Fv2%2Fcomments&post=2267"}],"version-history":[{"count":0,"href":"https:\/\/sinservregional.com.br\/site\/index.php?rest_route=\/wp\/v2\/posts\/2267\/revisions"}],"wp:attachment":[{"href":"https:\/\/sinservregional.com.br\/site\/index.php?rest_route=%2Fwp%2Fv2%2Fmedia&parent=2267"}],"wp:term":[{"taxonomy":"category","embeddable":true,"href":"https:\/\/sinservregional.com.br\/site\/index.php?rest_route=%2Fwp%2Fv2%2Fcategories&post=2267"},{"taxonomy":"post_tag","embeddable":true,"href":"https:\/\/sinservregional.com.br\/site\/index.php?rest_route=%2Fwp%2Fv2%2Ftags&post=2267"}],"curies":[{"name":"wp","href":"https:\/\/api.w.org\/{rel}","templated":true}]}}