{"id":2263,"date":"2012-02-09T08:31:32","date_gmt":"2012-02-09T08:31:32","guid":{"rendered":"http:\/\/sinservregional.com.br\/site\/?p=2263"},"modified":"2012-02-09T08:31:32","modified_gmt":"2012-02-09T08:31:32","slug":"manifestantes-comecam-a-deixar-a-assembleia-legislativa","status":"publish","type":"post","link":"https:\/\/sinservregional.com.br\/site\/?p=2263","title":{"rendered":"Manifestantes come\u00e7am a deixar a Assembleia Legislativa"},"content":{"rendered":"<p><img loading=\"lazy\" decoding=\"async\" src=\"http:\/\/s.glbimg.com\/jo\/g1\/f\/original\/2012\/02\/09\/pf_sai.jpg\" border=\"0\" hspace=\"10\" vspace=\"10\" width=\"259\" height=\"194\" align=\"left\" \/><\/p>\n<p style=\"text-align: justify; background-image: initial; background-attachment: initial; background-origin: initial; background-clip: initial; background-color: #f9f9f9\"><span style=\"font-size: 10pt; font-family: Verdana, sans-serif\"><font color=\"#000000\">Depois da divulga\u00e7\u00e3o de uma conversa telef\u00f4nica entre l\u00edderes da greve dos policiais militares onde falam sobre organizarem o fechamento de uma rodovia federal e atos de vandalismo, manifestantes come\u00e7am a desocupar a Assembleia Legislativa, na manh\u00e3 desta quinta-feira (09), no Centro Administrativo da Bahia (CAB).<\/font><\/span><\/p>\n<p> <!--more-->   <\/p>\n<p style=\"text-align: justify; background-image: initial; background-attachment: initial; background-origin: initial; background-clip: initial; background-color: #f9f9f9\"><span style=\"font-size: 10pt; font-family: Verdana, sans-serif\"><font color=\"#000000\">De acordo com o secretario de Seguran\u00e7a P\u00fablica da Bahia, Maur\u00edcio Barbosa, as grava\u00e7\u00f5es obtidas pela intelig\u00eancia da pol\u00edcia baiana, com autoriza\u00e7\u00e3o da Justi\u00e7a, enfraquecem a luta dos manifestantes para que sejam revogados os pedidos de pris\u00e3o feitos contra os l\u00edderes do movimento grevista.<\/font><\/span><\/p>\n<p style=\"text-align: justify; background-image: initial; background-attachment: initial; background-origin: initial; background-clip: initial; background-color: #f9f9f9\"><span style=\"font-size: 10pt; font-family: Verdana, sans-serif\"><font color=\"#000000\">A estimativa \u00e9 que cerca de 300 pessoas deixem o local. Antes de ir para casa, os PMS passam por uma revista e, caso algum deles tiver mandados de pris\u00e3o expedido pela justi\u00e7a, ser\u00e1 preso. A informa\u00e7\u00e3o da desocupa\u00e7\u00e3o da sede do Poder Legislativo foi dada durante a madrugada, pelo advogado dos policiais, Rog\u00e9rio Andrade. Apesar da desocupa\u00e7\u00e3o, os policiais afirmam que a greve n\u00e3o acabou.<\/font><\/span><\/p>\n<p style=\"text-align: justify; background-image: initial; background-attachment: initial; background-origin: initial; background-clip: initial; background-color: #f9f9f9\"><span style=\"font-size: 10pt; font-family: Verdana, sans-serif\"><font color=\"#000000\">Tr\u00eas pessoas j\u00e1 est\u00e3o presas. A Pol\u00edcia Federal prendeu, na noite de quarta-feira (8), a soldado Jeane Batista de Souza, do Batalh\u00e3o de Guardas da Pol\u00edcia Militar. A partir de escutas telef\u00f4nicas foi descoberto que Jeane participava de uma articula\u00e7\u00e3o para a invas\u00e3o do batalh\u00e3o, localizado no Complexo Penitenci\u00e1rio da Mata Escura, em Salvador. O Batalh\u00e3o de Guardas \u00e9 respons\u00e1vel pela prote\u00e7\u00e3o de todo o sistema prisional.<\/font><\/span><\/p>\n<p style=\"text-align: justify; background-image: initial; background-attachment: initial; background-origin: initial; background-clip: initial; background-color: #f9f9f9\"><span style=\"font-size: 10pt; font-family: Verdana, sans-serif\"><font color=\"#000000\">Na madrugada de domingo passado (5), foi preso o soldado Alvin dos Santos Silva, lotado na Companhia de Policiamento de Prote\u00e7\u00e3o Ambiental (COPPA) e, ter\u00e7a-feira (7), o sargento Elias Alves de Santana, dirigente da Aspol.\u00a0<br \/> \u00a0<\/font><\/span><\/p>\n<p class=\"MsoNormal\"><span style=\"font-family: Verdana, sans-serif; font-size: 10pt; line-height: 115%\">Fonte: Itapoan on line<\/span><\/p>\n<p class=\"MsoNormal\">\u00a0<\/p>\n","protected":false},"excerpt":{"rendered":"<p>Depois da divulga\u00e7\u00e3o de uma conversa telef\u00f4nica entre l\u00edderes da greve dos policiais militares onde falam sobre organizarem o fechamento de uma rodovia federal e atos de vandalismo, manifestantes come\u00e7am a desocupar a Assembleia Legislativa, na manh\u00e3 desta quinta-feira (09), no Centro Administrativo da Bahia (CAB).<\/p>\n","protected":false},"author":1,"featured_media":0,"comment_status":"open","ping_status":"open","sticky":false,"template":"","format":"standard","meta":{"footnotes":""},"categories":[15],"tags":[],"class_list":["post-2263","post","type-post","status-publish","format-standard","hentry","category-c34-gerais"],"_links":{"self":[{"href":"https:\/\/sinservregional.com.br\/site\/index.php?rest_route=\/wp\/v2\/posts\/2263","targetHints":{"allow":["GET"]}}],"collection":[{"href":"https:\/\/sinservregional.com.br\/site\/index.php?rest_route=\/wp\/v2\/posts"}],"about":[{"href":"https:\/\/sinservregional.com.br\/site\/index.php?rest_route=\/wp\/v2\/types\/post"}],"author":[{"embeddable":true,"href":"https:\/\/sinservregional.com.br\/site\/index.php?rest_route=\/wp\/v2\/users\/1"}],"replies":[{"embeddable":true,"href":"https:\/\/sinservregional.com.br\/site\/index.php?rest_route=%2Fwp%2Fv2%2Fcomments&post=2263"}],"version-history":[{"count":0,"href":"https:\/\/sinservregional.com.br\/site\/index.php?rest_route=\/wp\/v2\/posts\/2263\/revisions"}],"wp:attachment":[{"href":"https:\/\/sinservregional.com.br\/site\/index.php?rest_route=%2Fwp%2Fv2%2Fmedia&parent=2263"}],"wp:term":[{"taxonomy":"category","embeddable":true,"href":"https:\/\/sinservregional.com.br\/site\/index.php?rest_route=%2Fwp%2Fv2%2Fcategories&post=2263"},{"taxonomy":"post_tag","embeddable":true,"href":"https:\/\/sinservregional.com.br\/site\/index.php?rest_route=%2Fwp%2Fv2%2Ftags&post=2263"}],"curies":[{"name":"wp","href":"https:\/\/api.w.org\/{rel}","templated":true}]}}