{"id":2246,"date":"2012-02-08T08:20:41","date_gmt":"2012-02-08T08:20:41","guid":{"rendered":"http:\/\/sinservregional.com.br\/site\/?p=2246"},"modified":"2012-02-08T08:20:41","modified_gmt":"2012-02-08T08:20:41","slug":"dilma-rousseff-visitara-obama-em-9-de-abril","status":"publish","type":"post","link":"https:\/\/sinservregional.com.br\/site\/?p=2246","title":{"rendered":"Dilma Rousseff visitar\u00e1 Obama em 9 de abril"},"content":{"rendered":"<p><img loading=\"lazy\" decoding=\"async\" src=\"http:\/\/www.bahianoticias.com.br\/fotos\/principal_noticias\/110776\/IMAGEM_NOTICIA_5.jpg\" border=\"0\" hspace=\"10\" vspace=\"10\" width=\"258\" height=\"190\" align=\"left\" \/><\/p>\n<p style=\"text-align: justify; line-height: normal\" class=\"MsoNormal\"><span class=\"apple-style-span\"><span style=\"font-size: 10pt; font-family: Verdana, sans-serif\"><font class=\"Apple-style-span\" color=\"#000000\">O presidente americano, Barack Obama, receber\u00e1 a presidente Dilma Rousseff no pr\u00f3ximo dia 9 de abril na Casa Branca, dentro dos esfor\u00e7os dos dois pa\u00edses para aprofundar as rela\u00e7\u00f5es bilaterais, informou um comunicado da Casa Branca nesta ter\u00e7a-feira (7). O encontro, que ocorrer\u00e1 um ano depois da viagem de Obama ao pa\u00eds, servir\u00e1 para aprofundar as rela\u00e7\u00f5es em temas &#8220;comerciais, econ\u00f4micos, de educa\u00e7\u00e3o e inova\u00e7\u00e3o&#8221; entre Estados Unidos e Brasil. Os dois presidentes abordar\u00e3o temas de interesse bilateral, regional e multilateral, antes da C\u00fapula das Am\u00e9ricas na cidade colombiana de Cartagena, em abril, da qual participar\u00e3o Obama e Dilma, e da reuni\u00e3o do G20 (grupo de pa\u00edses ricos e emergentes) no M\u00e9xico, em junho. A reuni\u00e3o permitir\u00e1 &#8220;revisar o progresso&#8221; de v\u00e1rios programas lan\u00e7ados durante a visita de Obama ao Brasil em mar\u00e7o de 2011, em mat\u00e9ria energ\u00e9tica, econ\u00f4mica e financeira e de fomento \u00e0 democracia. Da AFP Paris.<\/font><\/span><\/span><\/p>\n","protected":false},"excerpt":{"rendered":"<p>O presidente americano, Barack Obama, receber\u00e1 a presidente Dilma Rousseff no pr\u00f3ximo dia 9 de abril na Casa Branca, dentro dos esfor\u00e7os dos dois pa\u00edses para aprofundar as rela\u00e7\u00f5es bilaterais, informou um comunicado da Casa Branca nesta ter\u00e7a-feira (7). O encontro, que ocorrer\u00e1 um ano depois da viagem de Obama ao pa\u00eds, servir\u00e1 para aprofundar &hellip; <\/p>\n","protected":false},"author":1,"featured_media":0,"comment_status":"open","ping_status":"open","sticky":false,"template":"","format":"standard","meta":{"footnotes":""},"categories":[15],"tags":[],"class_list":["post-2246","post","type-post","status-publish","format-standard","hentry","category-c34-gerais"],"_links":{"self":[{"href":"https:\/\/sinservregional.com.br\/site\/index.php?rest_route=\/wp\/v2\/posts\/2246","targetHints":{"allow":["GET"]}}],"collection":[{"href":"https:\/\/sinservregional.com.br\/site\/index.php?rest_route=\/wp\/v2\/posts"}],"about":[{"href":"https:\/\/sinservregional.com.br\/site\/index.php?rest_route=\/wp\/v2\/types\/post"}],"author":[{"embeddable":true,"href":"https:\/\/sinservregional.com.br\/site\/index.php?rest_route=\/wp\/v2\/users\/1"}],"replies":[{"embeddable":true,"href":"https:\/\/sinservregional.com.br\/site\/index.php?rest_route=%2Fwp%2Fv2%2Fcomments&post=2246"}],"version-history":[{"count":0,"href":"https:\/\/sinservregional.com.br\/site\/index.php?rest_route=\/wp\/v2\/posts\/2246\/revisions"}],"wp:attachment":[{"href":"https:\/\/sinservregional.com.br\/site\/index.php?rest_route=%2Fwp%2Fv2%2Fmedia&parent=2246"}],"wp:term":[{"taxonomy":"category","embeddable":true,"href":"https:\/\/sinservregional.com.br\/site\/index.php?rest_route=%2Fwp%2Fv2%2Fcategories&post=2246"},{"taxonomy":"post_tag","embeddable":true,"href":"https:\/\/sinservregional.com.br\/site\/index.php?rest_route=%2Fwp%2Fv2%2Ftags&post=2246"}],"curies":[{"name":"wp","href":"https:\/\/api.w.org\/{rel}","templated":true}]}}