{"id":2242,"date":"2012-02-06T09:51:38","date_gmt":"2012-02-06T09:51:38","guid":{"rendered":"http:\/\/sinservregional.com.br\/site\/?p=2242"},"modified":"2012-02-06T09:51:38","modified_gmt":"2012-02-06T09:51:38","slug":"isso-e-mais-levante-do-que-greve-diz-wagner","status":"publish","type":"post","link":"https:\/\/sinservregional.com.br\/site\/?p=2242","title":{"rendered":"&#8216;Isso \u00e9 mais levante do que greve&#8217;, diz Wagner"},"content":{"rendered":"<p><img loading=\"lazy\" decoding=\"async\" src=\"http:\/\/www.bahianoticias.com.br\/fotos\/principal_noticias\/110625\/IMAGEM_NOTICIA_5.jpg\" border=\"0\" hspace=\"10\" vspace=\"10\" width=\"257\" height=\"189\" align=\"left\" \/><\/p>\n<p style=\"text-align: justify\" class=\"MsoNormal\"><span style=\"color: #000000; font-family: Verdana, sans-serif; font-size: 10pt; line-height: normal\">Em entrevista ao jornal Folha de S. Paulo, o governador Jaques Wagner apostou que a greve dos policiais militares baianos ser\u00e1 encerrada at\u00e9 o Carnaval. \u201cAinda estamos a 10 ou 11 dias do Carnaval. N\u00e3o h\u00e1 hip\u00f3tese de esse planejamento da PM para o Carnaval n\u00e3o ser cumprido\u201d, afirmou o petista. Wagner tamb\u00e9m negou ter apoiado a paralisa\u00e7\u00e3o dos PMs em 2011. \u201cV\u00e1rios parlamentares [do PT] apoiaram, eu n\u00e3o apoiei. Eu entrei para negociar e ajudar a sair da greve\u201d, disse. Ao ser perguntado se o movimento poderia ter sido evitado, o governador opinou: \u201cIsso \u00e9 mais levante do que greve, pelo jeito como foi feito: caboclo p\u00f5e dois &#8220;berros&#8221; [armas] na cintura, tira popula\u00e7\u00e3o de dentro de \u00f4nibus, agride as pessoas, interrompe o tr\u00e2nsito. T\u00eam por obriga\u00e7\u00e3o legal garantir a ordem p\u00fablica e est\u00e3o fazendo o contr\u00e1rio\u201d. O chefe do Executivo estadual<\/span><span style=\"color: #000000; font-family: Verdana, sans-serif; font-size: 10pt; line-height: normal\" class=\"apple-converted-space\">\u00a0<\/span><span style=\"font-family: Verdana, sans-serif; font-size: 10pt; line-height: normal\"><font color=\"#000000\">reiterou ainda\u00a0que tal movimento da pol\u00edcia tem um car\u00e1ter nacional, cujo objetivo \u00e9 a vota\u00e7\u00e3o da PEC 300. <\/font><font color=\"#999999\">(<\/font><\/span><span style=\"font-family: Verdana, sans-serif; font-size: 10pt; line-height: normal\"><font color=\"#999999\">Bahia Not\u00edcias)<\/font><\/span><\/p>\n<p style=\"text-align: justify; line-height: normal\" class=\"MsoNormal\">\u00a0<\/p>\n<p>\u00a0<\/p>\n<p style=\"text-align: justify\" class=\"MsoNormal\">\u00a0<\/p>\n","protected":false},"excerpt":{"rendered":"<p>Em entrevista ao jornal Folha de S. Paulo, o governador Jaques Wagner apostou que a greve dos policiais militares baianos ser\u00e1 encerrada at\u00e9 o Carnaval. \u201cAinda estamos a 10 ou 11 dias do Carnaval. N\u00e3o h\u00e1 hip\u00f3tese de esse planejamento da PM para o Carnaval n\u00e3o ser cumprido\u201d, afirmou o petista. Wagner tamb\u00e9m negou ter &hellip; <\/p>\n","protected":false},"author":1,"featured_media":0,"comment_status":"open","ping_status":"open","sticky":false,"template":"","format":"standard","meta":{"footnotes":""},"categories":[15],"tags":[],"class_list":["post-2242","post","type-post","status-publish","format-standard","hentry","category-c34-gerais"],"_links":{"self":[{"href":"https:\/\/sinservregional.com.br\/site\/index.php?rest_route=\/wp\/v2\/posts\/2242","targetHints":{"allow":["GET"]}}],"collection":[{"href":"https:\/\/sinservregional.com.br\/site\/index.php?rest_route=\/wp\/v2\/posts"}],"about":[{"href":"https:\/\/sinservregional.com.br\/site\/index.php?rest_route=\/wp\/v2\/types\/post"}],"author":[{"embeddable":true,"href":"https:\/\/sinservregional.com.br\/site\/index.php?rest_route=\/wp\/v2\/users\/1"}],"replies":[{"embeddable":true,"href":"https:\/\/sinservregional.com.br\/site\/index.php?rest_route=%2Fwp%2Fv2%2Fcomments&post=2242"}],"version-history":[{"count":0,"href":"https:\/\/sinservregional.com.br\/site\/index.php?rest_route=\/wp\/v2\/posts\/2242\/revisions"}],"wp:attachment":[{"href":"https:\/\/sinservregional.com.br\/site\/index.php?rest_route=%2Fwp%2Fv2%2Fmedia&parent=2242"}],"wp:term":[{"taxonomy":"category","embeddable":true,"href":"https:\/\/sinservregional.com.br\/site\/index.php?rest_route=%2Fwp%2Fv2%2Fcategories&post=2242"},{"taxonomy":"post_tag","embeddable":true,"href":"https:\/\/sinservregional.com.br\/site\/index.php?rest_route=%2Fwp%2Fv2%2Ftags&post=2242"}],"curies":[{"name":"wp","href":"https:\/\/api.w.org\/{rel}","templated":true}]}}